{"id":109,"date":"2014-06-19T17:10:56","date_gmt":"2014-06-19T15:10:56","guid":{"rendered":"http:\/\/allgaeu.muehles.de\/?p=109"},"modified":"2019-06-29T20:22:44","modified_gmt":"2019-06-29T18:22:44","slug":"kloster-fuerstenfeld-am-19-06-2013","status":"publish","type":"post","link":"https:\/\/www.muehles.de\/?p=109","title":{"rendered":"Kloster F\u00fcrstenfeld"},"content":{"rendered":"<strong>Radltour am 19.06.2014 zum Kloster F\u00fcrstenfeld<\/strong>\r\n<p style=\"text-align: justify;\">Zur Abwechslung wollten wir eine Radltour zum Kloster F\u00fcrstenfeld machen, um das Kloster und die Umgebung an der Amper zu erkunden.\r\nDazu sind wir zum Bahnhof nach Grafrath gefahren.<br \/>\r\nDort fuhren wir Richtung Innenstadt los, um vor der B472 dem Fahrradweg zu folgen. Im ersten Waldabschnitt merkten wir schon, dass die Treckingr\u00e4der nicht ideal f\u00fcr die Wurzeln sind. Gl\u00fccklicherweise haben wir die M\u00e4dels zu hause gelassen, sie w\u00e4ren sch\u00f6n durchgesch\u00fcttelt worden.<br \/>\r\nDanach mussten wir die Bundesstra\u00dfe kreuzen und ab Sch\u00f6ngeising ging es parallel zur Stra\u00dfe weiter. Da wir die k\u00fcrzeste Verbindung genommen haben, waren wir relativ schnell beim Kloster.<br \/>\r\nDas Wetter war sch\u00f6n und der Biergarten lud zum Verweilen ein. Der Wurstsalat schmeckte auch ausgezeichnet. Anschlie\u00dfend besuchten wir noch das Weinfest. Bevor wir zur\u00fcckfuhren, machten wir noch einen kleinen Abstecher zur Kletterinsel, dort wurde gerade eine gr\u00f6\u00dfere Gruppe Kinder in die Technik der Sicherung eingewiesen.<br \/>\r\nAuf dem R\u00fcckweg wollten wir diesmal mehr von der Natur sehen und fuhren oberhalb des Klosters weiter. Nach der Lagebesprechung f\u00fcr den weiteren Weg stellten wir gegenseitig fest, dass jeder einen anderen Weg gew\u00e4hlt, 5 Minuten sp\u00e4ter waren wir wieder zusammen. Jetzt ging es kreuz und quer durch die h\u00fcgelige Waldlandschaft, ab und zu gab es einen Blick auf die Amper, welche sich gem\u00fctlich dahin schl\u00e4ngelte.<br \/>\r\nLandschaftlich ist es hier sehr sch\u00f6n, auch sind wenige Leute unterwegs, wir f\u00fchlten uns nicht gerade in der N\u00f6he einer Gro\u00dfstadt.<br \/>\r\nTrotz der vielen Hinweise zum Bauernhofmuseum Jexhof haben wir es geschafft, es nicht zu besuchen. In einer rasanten Berg- und Talfahrt ging es zur Amperschlucht nach Grafrath, bei der Durchfahrt haben wir festgestellt, dass der Ort relativ gro\u00df ist.<\/p>\r\n<div id=\"accordion-1\" class=\"accordion no-js\">\r\n\n\t\t\t\t\t<h3 role=\"button\" id=\"accordion-1-t1\" class=\"accordion-title js-accordion-controller\" aria-controls=\"accordion-1-c1\" aria-expanded=\"false\" tabindex=\"0\">\n\t\t\t\tInformation\t\t\t<\/h3>\n\t\t\n\t\t<div id=\"accordion-1-c1\" class=\"accordion-content\" aria-hidden=\"true\">\n\t\t\t\r\n<div align=\"center\" style=\"display:block;clear:both;margin:0;padding:0;\">\n   <table style=\"margin:0;table-layout:fixed;\" width=\"100%\" border=\"0\" cellspacing=\"0\" cellpadding=\"0\">\n     <tr valign=\"top\">\n       \n       <td width=\"40%\" align=\"left\" valign=\"top\" style=\"\"><div align=\"left\"  style=\"margin:0;padding:0;;\"><div class=\"jbox platinum\" style=\"border-width:5px;-moz-border-radius: 35px;-webkit-border-radius: 35px;-khtml-border-radius: 35px;border-radius: 35px;-webkit-box-shadow: 9px 9px 11px rgba(0,0,0,.15);-moz-box-shadow: 9px 9px 11px rgba(0,0,0,.15);box-shadow: 9px 9px 11px rgba(0,0,0,.15);\">  <div  class=\"jbox-title platinum\">Streckeninfo<\/div><div  class=\"jbox-content\"><small><strong>Wetter<\/strong> sonnig, leicht bew\u00f6lkt, trocken ca. 20 Grad<br \/>\r\n<strong>Anstieg<\/strong> 218 m<br \/>\r\n<strong>Strecke<\/strong> 29,0 km<br \/>\r\n<strong>Zeit<\/strong> 2:05 h<\/small><\/div><\/div><\/div><\/td><td width=\"6\" style=\"margin:0;padding:0;\"><\/td><td width=\"6\" style=\"margin:0;padding:0;\"><\/td><td width=\"60%\" align=\"left\" valign=\"top\" style=\"\"><div align=\"left\"  style=\"margin:0;padding:0;;\"><div class=\"jbox blue\" style=\"border-width:5px;-moz-border-radius: 35px;-webkit-border-radius: 35px;-khtml-border-radius: 35px;border-radius: 35px;-webkit-box-shadow: 9px 9px 11px rgba(0,0,0,.15);-moz-box-shadow: 9px 9px 11px rgba(0,0,0,.15);box-shadow: 9px 9px 11px rgba(0,0,0,.15);\">  <div  class=\"jbox-title blue\">Wegpunkte<\/div><div  class=\"jbox-content\"><small><strong>Grafrath<\/strong> 12:30 Uhr 573 m<br \/>\r\n<strong>F\u00fcrstenfeldbruck <\/strong> 13:15 &#8211; 14:25 Uhr 523 m, km 11,5<br \/>\r\n<strong>Gelbenholzen<\/strong> 14:40 &#8211; 14:50 Uhr 557 m, km 15,9<br \/>\r\n<strong>Grafrath<\/strong> 15:55 Uhr 573 m, km 29,0<\/small><\/div><\/div><\/div><\/td>\n       \n     <\/tr>\n   <\/table>\n<\/div>\r\n<center><iframe loading=\"lazy\" src=\"https:\/\/www.muehles.de\/gpx\/geoWP.php5?h=15&#038;f=2014-06-19\" name=\"H\u00f6henberechnung\" width=\"100%\" height=\"300\"><\/iframe><\/center>\r\n\t\t<\/div>\n\n\t\t\r\n\n\t\t\t\t\t<h3 role=\"button\" id=\"accordion-1-t2\" class=\"accordion-title js-accordion-controller\" aria-controls=\"accordion-1-c2\" aria-expanded=\"false\" tabindex=\"0\">\n\t\t\t\tTrack mit H\u00f6henverlauf\t\t\t<\/h3>\n\t\t\n\t\t<div id=\"accordion-1-c2\" class=\"accordion-content\" aria-hidden=\"true\">\n\t\t\t\r\n<iframe loading=\"lazy\" src=\"https:\/\/www.muehles.de\/gpx\/JB.html?gpx=2014-06-19&#038;typ=OSM\" name=\"Tourenanzeige\" width=\"100%\" height=\"800\"><\/iframe>\r\n\t\t<\/div>\n\n\t\t\r\n<\/div>\r\n","protected":false},"excerpt":{"rendered":"<strong>Radltour am 19.06.2014 zum Kloster F\u00fcrstenfeld<\/strong>\r\n\r\nZur Abwechslung wollten wir eine Radltour zum Kloster F\u00fcrstenfeld machen, um das Kloster und die Umgebung an der Amper zu erkunden.\r\n","protected":false},"author":1,"featured_media":0,"comment_status":"closed","ping_status":"closed","sticky":false,"template":"","format":"standard","meta":{"footnotes":""},"categories":[19],"tags":[],"class_list":["post-109","post","type-post","status-publish","format-standard","hentry","category-radeln"],"_links":{"self":[{"href":"https:\/\/www.muehles.de\/index.php?rest_route=\/wp\/v2\/posts\/109","targetHints":{"allow":["GET"]}}],"collection":[{"href":"https:\/\/www.muehles.de\/index.php?rest_route=\/wp\/v2\/posts"}],"about":[{"href":"https:\/\/www.muehles.de\/index.php?rest_route=\/wp\/v2\/types\/post"}],"author":[{"embeddable":true,"href":"https:\/\/www.muehles.de\/index.php?rest_route=\/wp\/v2\/users\/1"}],"replies":[{"embeddable":true,"href":"https:\/\/www.muehles.de\/index.php?rest_route=%2Fwp%2Fv2%2Fcomments&post=109"}],"version-history":[{"count":24,"href":"https:\/\/www.muehles.de\/index.php?rest_route=\/wp\/v2\/posts\/109\/revisions"}],"predecessor-version":[{"id":1077,"href":"https:\/\/www.muehles.de\/index.php?rest_route=\/wp\/v2\/posts\/109\/revisions\/1077"}],"wp:attachment":[{"href":"https:\/\/www.muehles.de\/index.php?rest_route=%2Fwp%2Fv2%2Fmedia&parent=109"}],"wp:term":[{"taxonomy":"category","embeddable":true,"href":"https:\/\/www.muehles.de\/index.php?rest_route=%2Fwp%2Fv2%2Fcategories&post=109"},{"taxonomy":"post_tag","embeddable":true,"href":"https:\/\/www.muehles.de\/index.php?rest_route=%2Fwp%2Fv2%2Ftags&post=109"}],"curies":[{"name":"wp","href":"https:\/\/api.w.org\/{rel}","templated":true}]}}