{"id":114,"date":"2014-06-21T13:55:12","date_gmt":"2014-06-21T11:55:12","guid":{"rendered":"http:\/\/allgaeu.muehles.de\/?p=114"},"modified":"2019-07-14T13:16:09","modified_gmt":"2019-07-14T11:16:09","slug":"alpe-untere-reuterwanne","status":"publish","type":"post","link":"https:\/\/www.muehles.de\/?p=114","title":{"rendered":"Alpe Untere Reuterwanne"},"content":{"rendered":"<strong>Wanderung am 21.06.2014 von Hinterreute \u00fcber Buronh\u00fctte und &#8222;Auf der Bl\u00f6sse&#8220; zur Alpe Untere Reuterwanne und \u00fcber Vorderreute zur\u00fcck <\/strong>\r\n<p style=\"text-align: justify;\">Nachdem das Wetter vormittags noch sehr bew\u00f6lkt war und die Bergsicht auch mittelm\u00e4\u00dfig, beschlossen wir die Radltour zu canceln und mit den M\u00e4dels eine mittlere Wanderung durchzuf\u00fchren.<br \/>\r\nStarten wollten wir am Parkplatz Hinterreute, aber erst nach einer kleinen Suche fanden wir ihn, er ist einfacher zu finden, wenn man Richtung Buron H\u00fctte f\u00e4hrt und nicht Richtung Hinterreute.<br \/>\r\nJetzt konnte es losgehen, die Sonne kam auch raus, es sollte doch sch\u00f6n werden. Aber ersteinmal ging es steil bergauf auf der Teerstra\u00dfe Richtung Buron H\u00fctte, da waren unsere M\u00e4dels das erste Mal schon gegrillt, bei 10 cm Bodenfreiheit \u00fcber dem Teer ist es doch etwas w\u00e4rmer. Aber dann ging es Richtung Wald, wir nahmen nicht die Abk\u00fcrzung \u00fcber die schwarze Piste sondern den l\u00e4ngeren Weg an der Bl\u00f6ssealpe vorbei.<br \/>\r\nDer Weg war schon wieder gut getrocknet, trotzdem war es teilweise etwas rutschig, da stand fest runter gehen wir hier nicht. Die M\u00e4dels mit vier Pfoten hatten da weniger Probleme.\r\nOben kamen wir auf den breiten Fahrweg zur Alpe, wir beschlossen den schattigen Weg durch den Wald zu nehmen, war auch sehr abenteuerlich, die M\u00e4dels hatten ihre Freude, viel Schatten und sie konnten \u00fcber viele Wurzeln springen.<br \/>\r\nAn der Alpe waren die Sonnenpl\u00e4tze schon belegt, also suchten wir uns einen Platz, wo die Sonne auch bald hinkommen w\u00fcrde.<br \/>\r\nDer Kuchen und die K\u00e4se- und Schinkenbrote waren sehr k\u00f6stlich, fanden auch die M\u00e4dels.\r\nAuf der Wiese konnten wir nicht nur den K\u00fchen beim relaxen zuschauen, sondern auch den Esel und den Pferden, hier sahen wir auch die Pferde im Galopp \u00fcber die Wiese fegen, meistens sieht man Pferde nur ruhig grasen, die beiden Fohlen genossen die Ruhe.<br \/>\r\nDer Wind strich sanft \u00fcber die Gr\u00e4ser, war dann fast so wie an der See, einfach traumhaft. Nachdem die Seele genug gebaumelt hat, ging es den kleinen H\u00fcgel zur\u00fcck.<br \/>\r\nWir \u00fcberlegten schon etwas vom Weg abzuweichen, aber die Z\u00e4une am Kamm hielten uns davon ab, war auch besser so, ansonsten w\u00e4re es steil bergab gegangen.<br \/>\r\n\u00dcber einen leicht absch\u00fcssigen Waldweg ging es nach Vorderreute, von dort f\u00fchrte ein Feldweg als Alternative zur Stra\u00dfe nach Hinterreute.<br \/>\r\nF\u00fcr die M\u00e4dels wurde es wieder anstrengender, da es kein Schatten gab.<br \/>\r\nZu Hause werden wir von den beiden nicht mehr viel h\u00f6ren.<br \/>\r\nDurch Hinterreute ging es zur\u00fcck zum Parkplatz, diesen Weg kannten wir von der Parkplatzsuche noch bestens.<\/p>\r\n<div id=\"accordion-1\" class=\"accordion no-js\">\r\n\n\t\t\t\t\t<h3 role=\"button\" id=\"accordion-1-t1\" class=\"accordion-title js-accordion-controller\" aria-controls=\"accordion-1-c1\" aria-expanded=\"false\" tabindex=\"0\">\n\t\t\t\tInformation\t\t\t<\/h3>\n\t\t\n\t\t<div id=\"accordion-1-c1\" class=\"accordion-content\" aria-hidden=\"true\">\n\t\t\t\r\n<div align=\"center\" style=\"display:block;clear:both;margin:0;padding:0;\">\n   <table style=\"margin:0;table-layout:fixed;\" width=\"100%\" border=\"0\" cellspacing=\"0\" cellpadding=\"0\">\n     <tr valign=\"top\">\n       \n       <td width=\"40%\" align=\"left\" valign=\"top\" style=\"\"><div align=\"left\"  style=\"margin:0;padding:0;;\"><div class=\"jbox platinum\" style=\"border-width:5px;-moz-border-radius: 35px;-webkit-border-radius: 35px;-khtml-border-radius: 35px;border-radius: 35px;-webkit-box-shadow: 9px 9px 11px rgba(0,0,0,.15);-moz-box-shadow: 9px 9px 11px rgba(0,0,0,.15);box-shadow: 9px 9px 11px rgba(0,0,0,.15);\">  <div  class=\"jbox-title platinum\">Streckeninfo<\/div><div  class=\"jbox-content\"><small><strong>Wetter<\/strong> wolkig, trocken ca. 22 Grad<br \/>\r\n<strong>Anstieg<\/strong> 578 m<br \/>\r\n<strong>Strecke<\/strong> 7,5 km<br \/>\r\n<strong>Zeit<\/strong> 2:30 h<\/small><\/div><\/div><\/div><\/td><td width=\"6\" style=\"margin:0;padding:0;\"><\/td><td width=\"6\" style=\"margin:0;padding:0;\"><\/td><td width=\"60%\" align=\"left\" valign=\"top\" style=\"\"><div align=\"left\"  style=\"margin:0;padding:0;;\"><div class=\"jbox blue\" style=\"border-width:5px;-moz-border-radius: 35px;-webkit-border-radius: 35px;-khtml-border-radius: 35px;border-radius: 35px;-webkit-box-shadow: 9px 9px 11px rgba(0,0,0,.15);-moz-box-shadow: 9px 9px 11px rgba(0,0,0,.15);box-shadow: 9px 9px 11px rgba(0,0,0,.15);\">  <div  class=\"jbox-title blue\">Wegpunkte<\/div><div  class=\"jbox-content\"><small><strong>Hinterreute<\/strong> 12:30 Uhr 983 m<br \/>\r\n<strong>Alpe Untere Reuterwanne<\/strong> 13:55 &#8211; 15:00 1122 m, km 4,3<br \/>\r\n<strong>Hinterreute<\/strong> 16:10 Uhr 983 m, km 7,5<\/small><\/div><\/div><\/div><\/td>\n       \n     <\/tr>\n   <\/table>\n<\/div>\r\n<center><iframe loading=\"lazy\" src=\"https:\/\/www.muehles.de\/gpx\/geoWP.php5?h=15&#038;f=2014-06-21\" name=\"H\u00f6henberechnung\" width=\"100%\" height=\"300\"><\/iframe><\/center>\r\n\t\t<\/div>\n\n\t\t\r\n\n\t\t\t\t\t<h3 role=\"button\" id=\"accordion-1-t2\" class=\"accordion-title js-accordion-controller\" aria-controls=\"accordion-1-c2\" aria-expanded=\"false\" tabindex=\"0\">\n\t\t\t\tTrack mit H\u00f6henverlauf\t\t\t<\/h3>\n\t\t\n\t\t<div id=\"accordion-1-c2\" class=\"accordion-content\" aria-hidden=\"true\">\n\t\t\t\r\n<iframe loading=\"lazy\" src=\"https:\/\/www.muehles.de\/gpx\/JB.html?gpx=2014-06-21&#038;typ=OPENTOPO\" name=\"Tourenanzeige\" width=\"100%\" height=\"800\"><\/iframe>\r\n\t\t<\/div>\n\n\t\t\r\n<\/div>\r\n","protected":false},"excerpt":{"rendered":"<strong>Wanderung am 21.06.2014 von Hinterreute \u00fcber Buronh\u00fctte und &#8222;Auf der Bl\u00f6sse&#8220; zur Alpe Untere Reuterwanne und \u00fcber Vorderreute zur\u00fcck <\/strong>\r\n\r\nNachdem das Wetter vormittags noch sehr bew\u00f6lkt war und die Bergsicht auch mittelm\u00e4\u00dfig, beschlossen wir die Radltour zu canceln und mit den M\u00e4dels eine mittlere Wanderung durchzuf\u00fchren.\r\n","protected":false},"author":1,"featured_media":0,"comment_status":"closed","ping_status":"closed","sticky":false,"template":"","format":"standard","meta":{"footnotes":""},"categories":[3],"tags":[20,82],"class_list":["post-114","post","type-post","status-publish","format-standard","hentry","category-wandern","tag-maedels","tag-voralpen"],"_links":{"self":[{"href":"https:\/\/www.muehles.de\/index.php?rest_route=\/wp\/v2\/posts\/114","targetHints":{"allow":["GET"]}}],"collection":[{"href":"https:\/\/www.muehles.de\/index.php?rest_route=\/wp\/v2\/posts"}],"about":[{"href":"https:\/\/www.muehles.de\/index.php?rest_route=\/wp\/v2\/types\/post"}],"author":[{"embeddable":true,"href":"https:\/\/www.muehles.de\/index.php?rest_route=\/wp\/v2\/users\/1"}],"replies":[{"embeddable":true,"href":"https:\/\/www.muehles.de\/index.php?rest_route=%2Fwp%2Fv2%2Fcomments&post=114"}],"version-history":[{"count":20,"href":"https:\/\/www.muehles.de\/index.php?rest_route=\/wp\/v2\/posts\/114\/revisions"}],"predecessor-version":[{"id":1073,"href":"https:\/\/www.muehles.de\/index.php?rest_route=\/wp\/v2\/posts\/114\/revisions\/1073"}],"wp:attachment":[{"href":"https:\/\/www.muehles.de\/index.php?rest_route=%2Fwp%2Fv2%2Fmedia&parent=114"}],"wp:term":[{"taxonomy":"category","embeddable":true,"href":"https:\/\/www.muehles.de\/index.php?rest_route=%2Fwp%2Fv2%2Fcategories&post=114"},{"taxonomy":"post_tag","embeddable":true,"href":"https:\/\/www.muehles.de\/index.php?rest_route=%2Fwp%2Fv2%2Ftags&post=114"}],"curies":[{"name":"wp","href":"https:\/\/api.w.org\/{rel}","templated":true}]}}