{"id":1145,"date":"2014-05-25T19:45:00","date_gmt":"2014-05-25T17:45:00","guid":{"rendered":"http:\/\/allgaeu.muehles.de\/?p=1145"},"modified":"2019-06-29T20:23:55","modified_gmt":"2019-06-29T18:23:55","slug":"kaeseradweg","status":"publish","type":"post","link":"https:\/\/www.muehles.de\/?p=1145","title":{"rendered":"K\u00e4seradweg"},"content":{"rendered":"<strong>K\u00e4seradweg am 25.05.2014 \u00fcber Hopferau und Seeg<\/strong>\r\n<p style=\"text-align: justify;\">Das sch\u00f6ne Wetter nutzten wir heute f\u00fcr eine gem\u00fctliche Radltour auf dem sogenannten K\u00e4seradweg, der verl\u00e4uft zwischen Hopferau und Seeg und f\u00fchrt an mehreren K\u00e4sereien vorbei. An einigen Schautafeln wird sehr anschaulich der Prozess der K\u00e4seherstellung erkl\u00e4rt, nat\u00fcrlich gibt es viel Informatives zu den Allg\u00e4uer K\u00fchen.\r\nZuerst mussten wir zum Einstiegspunkt an der M\u00e4delsrunde fahren, wir folgten der Beschilderung Richtung Seeg. Da wir diese Tour letzten Herbst schon gefahren sind, gab es keine Navigationsprobleme und wir erlaubten uns ein paar Abweichungen. Der Anstieg zur Kirche bei Seeg fordert wieder die gesamte Muskulatur. Hinter den Seeger Seen gab es endlich die Gassirunde, bevor es weiter Richtung Schwaltenweiher ging.\r\nDiesmal planten wir keinen Aufenthalt im Restaurant an der Badestelle, obwohl es sehr zu empfehlen ist, lecker Flammkuchen und selbstgebackenen Kuchen. Wir machten einen kurzen Aufenthalt am Kiosk auf der anderen Seite, ist auch nicht schlecht, nur etwas kleiner. Gut gest\u00e4rkt machten wir uns auf den Heimweg \u00fcber die D\u00f6rfer zur\u00fcck nach Wei\u00dfensee.<\/p>\r\n<div id=\"accordion-1\" class=\"accordion no-js\">\r\n\n\t\t\t\t\t<h3 role=\"button\" id=\"accordion-1-t1\" class=\"accordion-title js-accordion-controller\" aria-controls=\"accordion-1-c1\" aria-expanded=\"false\" tabindex=\"0\">\n\t\t\t\tInformation\t\t\t<\/h3>\n\t\t\n\t\t<div id=\"accordion-1-c1\" class=\"accordion-content\" aria-hidden=\"true\">\n\t\t\t\r\n<div align=\"center\" style=\"display:block;clear:both;margin:0;padding:0;\">\n   <table style=\"margin:0;table-layout:fixed;\" width=\"100%\" border=\"0\" cellspacing=\"0\" cellpadding=\"0\">\n     <tr valign=\"top\">\n       \n       <td width=\"40%\" align=\"left\" valign=\"top\" style=\"\"><div align=\"left\"  style=\"margin:0;padding:0;;\"><div class=\"jbox platinum\" style=\"border-width:5px;-moz-border-radius: 35px;-webkit-border-radius: 35px;-khtml-border-radius: 35px;border-radius: 35px;-webkit-box-shadow: 9px 9px 11px rgba(0,0,0,.15);-moz-box-shadow: 9px 9px 11px rgba(0,0,0,.15);box-shadow: 9px 9px 11px rgba(0,0,0,.15);\">  <div  class=\"jbox-title platinum\">Streckeninfo<\/div><div  class=\"jbox-content\"><small><strong>Wetter<\/strong> heiter, ca. 18 Grad<br \/>\r\n<strong>Anstieg<\/strong> 275 m<br \/>\r\n<strong>Strecke<\/strong> 32,7 km<br \/>\r\n<strong>Zeit<\/strong> 2:45 h<\/small><\/div><\/div><\/div><\/td><td width=\"6\" style=\"margin:0;padding:0;\"><\/td><td width=\"6\" style=\"margin:0;padding:0;\"><\/td><td width=\"60%\" align=\"left\" valign=\"top\" style=\"\"><div align=\"left\"  style=\"margin:0;padding:0;;\"><div class=\"jbox blue\" style=\"border-width:5px;-moz-border-radius: 35px;-webkit-border-radius: 35px;-khtml-border-radius: 35px;border-radius: 35px;-webkit-box-shadow: 9px 9px 11px rgba(0,0,0,.15);-moz-box-shadow: 9px 9px 11px rgba(0,0,0,.15);box-shadow: 9px 9px 11px rgba(0,0,0,.15);\">  <div  class=\"jbox-title blue\">Wegpunkte<\/div><div  class=\"jbox-content\"><small><strong>Oberkirch<\/strong> 10:40 Uhr 805 m<br \/>\r\n<strong>Seeger Seen<\/strong> 12:00 Uhr 825 m, km 13,7<br \/>\r\n<strong>Oberkirch<\/strong> 13:45 Uhr 805 m, km 32,7<\/small><\/div><\/div><\/div><\/td>\n       \n     <\/tr>\n   <\/table>\n<\/div>\r\n<center><iframe loading=\"lazy\" src=\"https:\/\/www.muehles.de\/gpx\/geoWP.php5?h=15&#038;f=2014-05-25\" name=\"H\u00f6henberechnung\" width=\"100%\" height=\"300\"><\/iframe><\/center>\r\n\t\t<\/div>\n\n\t\t\r\n\n\t\t\t\t\t<h3 role=\"button\" id=\"accordion-1-t2\" class=\"accordion-title js-accordion-controller\" aria-controls=\"accordion-1-c2\" aria-expanded=\"false\" tabindex=\"0\">\n\t\t\t\tTrack mit H\u00f6henverlauf\t\t\t<\/h3>\n\t\t\n\t\t<div id=\"accordion-1-c2\" class=\"accordion-content\" aria-hidden=\"true\">\n\t\t\t\r\n<iframe loading=\"lazy\" src=\"https:\/\/www.muehles.de\/gpx\/JB.html?gpx=2014-05-25&#038;typ=OSM\" name=\"Tourenanzeige\" width=\"100%\" height=\"800\"><\/iframe>\r\n\t\t<\/div>\n\n\t\t\r\n<\/div>","protected":false},"excerpt":{"rendered":"<strong>K\u00e4seradweg am 25.05.2014 \u00fcber Hopferau und Seeg<\/strong>\r\n\r\nDas sch\u00f6ne Wetter nutzten wir heute f\u00fcr eine gem\u00fctliche Radltour auf dem sogenannten K\u00e4seradweg, der verl\u00e4uft zwischen Hopferau und Seeg und f\u00fchrt an mehreren K\u00e4sereien vorbei. ","protected":false},"author":1,"featured_media":0,"comment_status":"closed","ping_status":"closed","sticky":false,"template":"","format":"standard","meta":{"footnotes":""},"categories":[19],"tags":[20,82],"class_list":["post-1145","post","type-post","status-publish","format-standard","hentry","category-radeln","tag-maedels","tag-voralpen"],"_links":{"self":[{"href":"https:\/\/www.muehles.de\/index.php?rest_route=\/wp\/v2\/posts\/1145","targetHints":{"allow":["GET"]}}],"collection":[{"href":"https:\/\/www.muehles.de\/index.php?rest_route=\/wp\/v2\/posts"}],"about":[{"href":"https:\/\/www.muehles.de\/index.php?rest_route=\/wp\/v2\/types\/post"}],"author":[{"embeddable":true,"href":"https:\/\/www.muehles.de\/index.php?rest_route=\/wp\/v2\/users\/1"}],"replies":[{"embeddable":true,"href":"https:\/\/www.muehles.de\/index.php?rest_route=%2Fwp%2Fv2%2Fcomments&post=1145"}],"version-history":[{"count":26,"href":"https:\/\/www.muehles.de\/index.php?rest_route=\/wp\/v2\/posts\/1145\/revisions"}],"predecessor-version":[{"id":1167,"href":"https:\/\/www.muehles.de\/index.php?rest_route=\/wp\/v2\/posts\/1145\/revisions\/1167"}],"wp:attachment":[{"href":"https:\/\/www.muehles.de\/index.php?rest_route=%2Fwp%2Fv2%2Fmedia&parent=1145"}],"wp:term":[{"taxonomy":"category","embeddable":true,"href":"https:\/\/www.muehles.de\/index.php?rest_route=%2Fwp%2Fv2%2Fcategories&post=1145"},{"taxonomy":"post_tag","embeddable":true,"href":"https:\/\/www.muehles.de\/index.php?rest_route=%2Fwp%2Fv2%2Ftags&post=1145"}],"curies":[{"name":"wp","href":"https:\/\/api.w.org\/{rel}","templated":true}]}}