{"id":12,"date":"2014-05-29T19:25:01","date_gmt":"2014-05-29T17:25:01","guid":{"rendered":"http:\/\/allgaeu.muehles.de\/?p=12"},"modified":"2019-07-14T13:18:16","modified_gmt":"2019-07-14T11:18:16","slug":"tiroler-stadl","status":"publish","type":"post","link":"https:\/\/www.muehles.de\/?p=12","title":{"rendered":"Tiroler Stadl"},"content":{"rendered":"<strong>Wanderung am 29.05.2014 von der Fallm\u00fchle unterhalb des Breitenberg zum Tiroler Stadl<\/strong>\r\n<p style=\"text-align: justify;\">Heute haben wir eine Tour mit unseren M\u00e4dels geplant. Wir liefen zum Tiroler Stadl, der in der Mitte des Breitenbergs liegt. F\u00fcr die M\u00e4dels war es von Vorteil, da nicht so viele Wanderer oder Biker auf diesem Weg unterwegs sind.\r\nDen ersten Teil des Weges hatten wir letzte Woche bereits ein St\u00fcck erwandert &#8211; ein breiter Forstweg, der sich am Breitenberg entlang zieht und kurz vor Schluss zu einem Pfad \u00fcber feuchte Wiesen und durch den Wald geht.\r\nZwischendurch gibt es einen traumhaften Blick \u00fcber Pfronten zur Burgruine Falkenstein sowie auf die Eisenberger Ruinen, da h\u00e4tte es sich doch gelohnt, die Kamera mitzunehmen. Aber den Weg werden wir noch einmal gehen.\r\nDer Tiroler Stadl liegt am Ende des Skilifts. Die H\u00fctte wurde 1961 erbaut und von drei Schwestern betrieben. Inzwischen lebt nur noch eine Schwester, die die H\u00fctte heute alleine betreibt und vom Alter her in den fortgeschrittenen 70er Jahren ist. Frische Lebensmittel werden immer noch von ihr selbst im Rucksack zur H\u00fctte hoch getragen.\r\nVon einem anderen Gast haben wir erfahren, dass es von hier auch einen direkten Weg (Pfad) zur Ostlerh\u00fctte gibt, der zum Schluss etwas ausgesetzt ist und unterhalb der alten H\u00fctte ankommt. In den meisten Wanderkarten ist dieser Weg gar nicht eingezeichnet.<\/p>\r\n<div id=\"accordion-1\" class=\"accordion no-js\">\r\n\n\t\t\t\t\t<h3 role=\"button\" id=\"accordion-1-t1\" class=\"accordion-title js-accordion-controller\" aria-controls=\"accordion-1-c1\" aria-expanded=\"false\" tabindex=\"0\">\n\t\t\t\tInformation\t\t\t<\/h3>\n\t\t\n\t\t<div id=\"accordion-1-c1\" class=\"accordion-content\" aria-hidden=\"true\">\n\t\t\t\r\n<div align=\"center\" style=\"display:block;clear:both;margin:0;padding:0;\">\n   <table style=\"margin:0;table-layout:fixed;\" width=\"100%\" border=\"0\" cellspacing=\"0\" cellpadding=\"0\">\n     <tr valign=\"top\">\n       \n       <td width=\"40%\" align=\"left\" valign=\"top\" style=\"\"><div align=\"left\"  style=\"margin:0;padding:0;;\"><div class=\"jbox platinum\" style=\"border-width:5px;-moz-border-radius: 35px;-webkit-border-radius: 35px;-khtml-border-radius: 35px;border-radius: 35px;-webkit-box-shadow: 9px 9px 11px rgba(0,0,0,.15);-moz-box-shadow: 9px 9px 11px rgba(0,0,0,.15);box-shadow: 9px 9px 11px rgba(0,0,0,.15);\">  <div  class=\"jbox-title platinum\">Streckeninfo<\/div><div  class=\"jbox-content\"><small><strong>Wetter<\/strong> bew\u00f6lkt, trocken ca. 14 Grad<br \/>\r\n<strong>Anstieg<\/strong> 402 m<br \/>\r\n<strong>Strecke<\/strong> 8,2 km<br \/>\r\n<strong>Zeit<\/strong> 1:55 h<\/small><\/div><\/div><\/div><\/td><td width=\"6\" style=\"margin:0;padding:0;\"><\/td><td width=\"6\" style=\"margin:0;padding:0;\"><\/td><td width=\"60%\" align=\"left\" valign=\"top\" style=\"\"><div align=\"left\"  style=\"margin:0;padding:0;;\"><div class=\"jbox blue\" style=\"border-width:5px;-moz-border-radius: 35px;-webkit-border-radius: 35px;-khtml-border-radius: 35px;border-radius: 35px;-webkit-box-shadow: 9px 9px 11px rgba(0,0,0,.15);-moz-box-shadow: 9px 9px 11px rgba(0,0,0,.15);box-shadow: 9px 9px 11px rgba(0,0,0,.15);\">  <div  class=\"jbox-title blue\">Wegpunkte<\/div><div  class=\"jbox-content\"><small><strong>Fallm\u00fchle<\/strong> 10:30 Uhr 946 m<br \/>\r\n<strong>Tiroler Stadl<\/strong> 11:35 &#8211; 12:40 Uhr 1271 m, km 4,2<br \/>\r\n<strong>Fallm\u00fchle<\/strong> 13:30 Uhr 946 m, km 8,2<\/small><\/div><\/div><\/div><\/td>\n       \n     <\/tr>\n   <\/table>\n<\/div>\r\n<center><iframe loading=\"lazy\" src=\"https:\/\/www.muehles.de\/gpx\/geoWP.php5?h=25&#038;f=2014-05-29\" name=\"H\u00f6henberechnung\" width=\"100%\" height=\"300\"><\/iframe><\/center>\r\n\t\t<\/div>\n\n\t\t\r\n\n\t\t\t\t\t<h3 role=\"button\" id=\"accordion-1-t2\" class=\"accordion-title js-accordion-controller\" aria-controls=\"accordion-1-c2\" aria-expanded=\"false\" tabindex=\"0\">\n\t\t\t\tTrack mit H\u00f6henverlauf\t\t\t<\/h3>\n\t\t\n\t\t<div id=\"accordion-1-c2\" class=\"accordion-content\" aria-hidden=\"true\">\n\t\t\t\r\n<iframe loading=\"lazy\" src=\"https:\/\/www.muehles.de\/gpx\/JB.html?gpx=2014-05-29&#038;typ=OPENTOPO\" name=\"Tourenanzeige\" width=\"100%\" height=\"800\"><\/iframe>\r\n\t\t<\/div>\n\n\t\t\r\n<\/div>\r\n","protected":false},"excerpt":{"rendered":"<strong>Wanderung am 29.05.2014 von der Fallm\u00fchle unterhalb des Breitenberg zum Tiroler Stadl<\/strong>\r\n\r\nHeute haben wir eine Tour mit unseren M\u00e4dels geplant.\r\n","protected":false},"author":1,"featured_media":0,"comment_status":"closed","ping_status":"closed","sticky":false,"template":"","format":"standard","meta":{"footnotes":""},"categories":[3],"tags":[20],"class_list":["post-12","post","type-post","status-publish","format-standard","hentry","category-wandern","tag-maedels"],"_links":{"self":[{"href":"https:\/\/www.muehles.de\/index.php?rest_route=\/wp\/v2\/posts\/12","targetHints":{"allow":["GET"]}}],"collection":[{"href":"https:\/\/www.muehles.de\/index.php?rest_route=\/wp\/v2\/posts"}],"about":[{"href":"https:\/\/www.muehles.de\/index.php?rest_route=\/wp\/v2\/types\/post"}],"author":[{"embeddable":true,"href":"https:\/\/www.muehles.de\/index.php?rest_route=\/wp\/v2\/users\/1"}],"replies":[{"embeddable":true,"href":"https:\/\/www.muehles.de\/index.php?rest_route=%2Fwp%2Fv2%2Fcomments&post=12"}],"version-history":[{"count":26,"href":"https:\/\/www.muehles.de\/index.php?rest_route=\/wp\/v2\/posts\/12\/revisions"}],"predecessor-version":[{"id":1053,"href":"https:\/\/www.muehles.de\/index.php?rest_route=\/wp\/v2\/posts\/12\/revisions\/1053"}],"wp:attachment":[{"href":"https:\/\/www.muehles.de\/index.php?rest_route=%2Fwp%2Fv2%2Fmedia&parent=12"}],"wp:term":[{"taxonomy":"category","embeddable":true,"href":"https:\/\/www.muehles.de\/index.php?rest_route=%2Fwp%2Fv2%2Fcategories&post=12"},{"taxonomy":"post_tag","embeddable":true,"href":"https:\/\/www.muehles.de\/index.php?rest_route=%2Fwp%2Fv2%2Ftags&post=12"}],"curies":[{"name":"wp","href":"https:\/\/api.w.org\/{rel}","templated":true}]}}