{"id":124,"date":"2014-06-22T14:11:46","date_gmt":"2014-06-22T12:11:46","guid":{"rendered":"http:\/\/allgaeu.muehles.de\/?p=124"},"modified":"2019-06-29T20:22:07","modified_gmt":"2019-06-29T18:22:07","slug":"tannheimer-tal","status":"publish","type":"post","link":"https:\/\/www.muehles.de\/?p=124","title":{"rendered":"Klein Meran &#8211; Vilsalpsee"},"content":{"rendered":"<strong>Radltour am 22.06.2014 im Tannheimer Tal<\/strong>\r\n<p style=\"text-align: justify;\">Am Parkplatz in Gr\u00e4n wurden wir von einer kr\u00e4ftigen Prise Sturm begr\u00fcsst, damit war klar eine Strecke wird heute etwas anstrengender.<br \/>\r\nNachdem wir heute vormittag mit den M\u00e4dels sch\u00f6n im Wald spazieren waren, konnten wir uns Zeit lassen.<br \/>\r\nErst einmal mussten wir die R\u00e4der mit den M\u00e4delsk\u00f6rben reisefertig machen, dass dort schon ein paar Minuten. Dann konnten wir endlich starten, wir begannen mit R\u00fcckenwind und f\u00fchren Richtung Nesselw\u00e4ngle. Urspr\u00fcnglich wollten wir am Parkplatz zur Schneetalalm wenden, aber wir waren gerade so sch\u00f6n in Fahrt, da kam von Binchen der Vorschlag, zur Jausenstation &#8222;Klein Meran&#8220; zu fahren.<br \/>\r\nAuf einer sch\u00f6nen Teerstra\u00dfe ging es gem\u00fctlich bergauf nach Rauth, die Jausenstation war nicht zu \u00fcbersehen, es gibt auch einen kleinen Parkplatz, da wir von hier den Aufstieg zur Krinnenspitze mal machen wollen. Die Speisekarte war auch sehr einladend, die Jausenstation werden wir uns f\u00fcr eine Wanderung merken. Aber da wir erst am Anfang waren, drehten wir wieder um und fuhren ins Tannheimer Tal zur\u00fcck. Am Haldensee w\u00e4hlten wir den Wiesenweg nach Tannheim, einen Teil der Strecke kennen wir von unseren Langlaufrunden. Der Wiesenweg war sehr steinig, deshalb hatten wir Zeit, die Bauern bei der Heuernte zu beobachten. Da f\u00fcr die n\u00e4chsten Tage eher feuchtes Wetter angesagt wird, waren gef\u00fchlsm\u00e4\u00dfig alle Bauern auf den Feldern und ernteten das Heu.<br \/>\r\nIn Tannheim bogen wir zum Vilsalpsee ab, damit kamen wir auch aus dem Wind, die Strecke ist tags\u00fcber autofrei, deshalb kann man sch\u00f6n zum See radeln. Es waren doch sehr viele Wanderer und Radler unterwegs, um das sch\u00f6ne Wetter zu nutzen.\r\nAm Vilsalpsee fuhren wir die breitere Strecke linksrum zur Vilsalpe als heutiges Tagesziel. Dabei stellten wir fest, dass hinterm Abzweig zur Landsberger H\u00fctte noch mehr Ger\u00f6ll runtergekommen ist, die Strecke ist auch durch Z\u00e4une gesperrt, scheint aber nicht wirklich jemanden abzuschrecken.<br \/>\r\nAm Seeende kamen dann noch ein paar Hindernisse durch Weidez\u00e4une auf uns zu, gl\u00fccklicherweise waren diese stromlos, ansonsten w\u00e4re es mit den R\u00e4dern nicht lustig geworden.<br \/>\r\nIn der Vilsalpe haben wir uns gest\u00e4rkt und uns noch einmal unsere Wanderung von vor zwei Wochen Revue passieren lassen, dabei beschlossen wir diese in andere Richtung noch einmal zu probieren. Auch die Schneefelder sind kleiner geworden, besonders von der Schneewand war nichts mehr zu sehen. Auch das Gaishorn werden wir noch besteigen.<br \/>\r\nZur\u00fcck sind wir die R\u00e4der schiebend den Fussweg am See zur\u00fcckgegangen. Dabei haben wir nicht bedacht, das Drehkreuze f\u00fcr R\u00e4der noch beschwerlicher sind, als Weidez\u00e4une. Das erste Drehkreuz hat erstaunlicherweise gut funktioniert, beim zweiten mussten wir die R\u00e4der dr\u00fcber heben. Jetzt konnten wir aber wieder radeln berg ab nach Tannheim.<br \/>\r\nKurz vor Tannheim nahmen wir einen Feldweg Richtung Kiezlern um uns die Ortsdurchfahrt zu sparen.<br \/>\r\nVon Kiezlern ging es \u00fcber die Radwege durch die Wiesen nach Gr\u00e4n zur\u00fcck.<br \/>\r\nAuch hier waren die Bauern gut besch\u00e4ftigt. Ebenfalls wiegte der Wind die Gr\u00e4ser sanft, erinnerte uns an unsere gestrige Wanderung. Die M\u00e4dels durften auch noch einmal ihre Beine vertreten und die Blase entleeren.<\/p>\r\n<div id=\"accordion-1\" class=\"accordion no-js\">\r\n\n\t\t\t\t\t<h3 role=\"button\" id=\"accordion-1-t1\" class=\"accordion-title js-accordion-controller\" aria-controls=\"accordion-1-c1\" aria-expanded=\"false\" tabindex=\"0\">\n\t\t\t\tInformation\t\t\t<\/h3>\n\t\t\n\t\t<div id=\"accordion-1-c1\" class=\"accordion-content\" aria-hidden=\"true\">\n\t\t\t\r\n<div align=\"center\" style=\"display:block;clear:both;margin:0;padding:0;\">\n   <table style=\"margin:0;table-layout:fixed;\" width=\"100%\" border=\"0\" cellspacing=\"0\" cellpadding=\"0\">\n     <tr valign=\"top\">\n       \n       <td width=\"40%\" align=\"left\" valign=\"top\" style=\"\"><div align=\"left\"  style=\"margin:0;padding:0;;\"><div class=\"jbox platinum\" style=\"border-width:5px;-moz-border-radius: 35px;-webkit-border-radius: 35px;-khtml-border-radius: 35px;border-radius: 35px;-webkit-box-shadow: 9px 9px 11px rgba(0,0,0,.15);-moz-box-shadow: 9px 9px 11px rgba(0,0,0,.15);box-shadow: 9px 9px 11px rgba(0,0,0,.15);\">  <div  class=\"jbox-title platinum\">Streckeninfo<\/div><div  class=\"jbox-content\"><small><strong>Wetter<\/strong> leicht bew\u00f6lkt, windig ca. 22 Grad<br \/>\r\n<strong>Anstieg<\/strong> 297 m<br \/>\r\n<strong>Strecke<\/strong> 37,7 km<br \/>\r\n<strong>Zeit<\/strong> 3:15 h<\/small><\/div><\/div><\/div><\/td><td width=\"6\" style=\"margin:0;padding:0;\"><\/td><td width=\"6\" style=\"margin:0;padding:0;\"><\/td><td width=\"60%\" align=\"left\" valign=\"top\" style=\"\"><div align=\"left\"  style=\"margin:0;padding:0;;\"><div class=\"jbox blue\" style=\"border-width:5px;-moz-border-radius: 35px;-webkit-border-radius: 35px;-khtml-border-radius: 35px;border-radius: 35px;-webkit-box-shadow: 9px 9px 11px rgba(0,0,0,.15);-moz-box-shadow: 9px 9px 11px rgba(0,0,0,.15);box-shadow: 9px 9px 11px rgba(0,0,0,.15);\">  <div  class=\"jbox-title blue\">Wegpunkte<\/div><div  class=\"jbox-content\"><small><strong>Gr\u00e4n<\/strong> 12:45 Uhr 1115 m<br \/>\r\n<strong>Klein Meran<\/strong> 13:25 &#8211; 13:30 Uhr 1163 m, km 8,5<br \/>\r\n<strong>Vilsalpsee<\/strong> 15:00 &#8211; 15:35 Uhr 1171 m, km 25,3<br \/>\r\n<strong>Gr\u00e4n<\/strong> 16:35 Uhr 1115 m, km 37,7<\/small><\/div><\/div><\/div><\/td>\n       \n     <\/tr>\n   <\/table>\n<\/div>\r\n<center><iframe loading=\"lazy\" src=\"https:\/\/www.muehles.de\/gpx\/geoWP.php5?h=15&#038;f=2014-06-22\" name=\"H\u00f6henberechnung\" width=\"100%\" height=\"300\"><\/iframe><\/center>\r\n\t\t<\/div>\n\n\t\t\r\n\n\t\t\t\t\t<h3 role=\"button\" id=\"accordion-1-t2\" class=\"accordion-title js-accordion-controller\" aria-controls=\"accordion-1-c2\" aria-expanded=\"false\" tabindex=\"0\">\n\t\t\t\tTrack mit H\u00f6henverlauf\t\t\t<\/h3>\n\t\t\n\t\t<div id=\"accordion-1-c2\" class=\"accordion-content\" aria-hidden=\"true\">\n\t\t\t\r\n<iframe loading=\"lazy\" src=\"https:\/\/www.muehles.de\/gpx\/JB.html?gpx=2014-06-22&#038;typ=OSM\" name=\"Tourenanzeige\" width=\"100%\" height=\"800\"><\/iframe>\r\n\t\t<\/div>\n\n\t\t\r\n<\/div>\r\n","protected":false},"excerpt":{"rendered":"<strong>Radltour am 22.06.2014 im Tannheimer Tal<\/strong>\r\n\r\nAm Parkplatz in Gr\u00e4n wurden wir von einer kr\u00e4ftigen Prise Sturm begr\u00fcsst, damit war klar eine Strecke wird heute etwas anstrengender.\r\n","protected":false},"author":1,"featured_media":0,"comment_status":"closed","ping_status":"closed","sticky":false,"template":"","format":"standard","meta":{"footnotes":""},"categories":[19],"tags":[20],"class_list":["post-124","post","type-post","status-publish","format-standard","hentry","category-radeln","tag-maedels"],"_links":{"self":[{"href":"https:\/\/www.muehles.de\/index.php?rest_route=\/wp\/v2\/posts\/124","targetHints":{"allow":["GET"]}}],"collection":[{"href":"https:\/\/www.muehles.de\/index.php?rest_route=\/wp\/v2\/posts"}],"about":[{"href":"https:\/\/www.muehles.de\/index.php?rest_route=\/wp\/v2\/types\/post"}],"author":[{"embeddable":true,"href":"https:\/\/www.muehles.de\/index.php?rest_route=\/wp\/v2\/users\/1"}],"replies":[{"embeddable":true,"href":"https:\/\/www.muehles.de\/index.php?rest_route=%2Fwp%2Fv2%2Fcomments&post=124"}],"version-history":[{"count":29,"href":"https:\/\/www.muehles.de\/index.php?rest_route=\/wp\/v2\/posts\/124\/revisions"}],"predecessor-version":[{"id":1067,"href":"https:\/\/www.muehles.de\/index.php?rest_route=\/wp\/v2\/posts\/124\/revisions\/1067"}],"wp:attachment":[{"href":"https:\/\/www.muehles.de\/index.php?rest_route=%2Fwp%2Fv2%2Fmedia&parent=124"}],"wp:term":[{"taxonomy":"category","embeddable":true,"href":"https:\/\/www.muehles.de\/index.php?rest_route=%2Fwp%2Fv2%2Fcategories&post=124"},{"taxonomy":"post_tag","embeddable":true,"href":"https:\/\/www.muehles.de\/index.php?rest_route=%2Fwp%2Fv2%2Ftags&post=124"}],"curies":[{"name":"wp","href":"https:\/\/api.w.org\/{rel}","templated":true}]}}