{"id":157,"date":"2014-06-09T18:35:39","date_gmt":"2014-06-09T16:35:39","guid":{"rendered":"http:\/\/allgaeu.muehles.de\/?p=157"},"modified":"2019-07-14T13:16:44","modified_gmt":"2019-07-14T11:16:44","slug":"grosse-schlicke-2","status":"publish","type":"post","link":"https:\/\/www.muehles.de\/?p=157","title":{"rendered":"Gro\u00dfe Schlicke"},"content":{"rendered":"<strong>Wanderung am 09.06.2014 vom F\u00fcssener J\u00f6chle zur Gro\u00dfen Schlicke <\/strong>\r\n<p style=\"text-align: justify;\">Diesmal hatten wir eine kleinere Tour geplant. Von Gr\u00e4n fuhren wir mit der Seilbahn zum F\u00fcssener J\u00f6chle, der Preis f\u00fcr die Berg- und Talfahrt betrug 28 \u20ac, daf\u00fcr ist der Parkplatz umsonst. Diesmal war es noch hei\u00dfer, entsprechend waren auch weniger Wanderer unterwegs.<br \/>\r\nDie heutige Tour ist \u00fcberschaubar, ca. 3 km und ca. 300 H\u00f6henmeter.<br \/>\r\nAn der L\u00e4uferspitze vorbei ging es wellig \u00fcber einen sch\u00f6nen Bergpfad zu unserem Ziel. Das Panorama der Tannheimer Berge war wieder traumhaft.<br \/>\r\nRelativ schnell kam wir zum Fu\u00df des Gipfels, in Serpentinen ging es durch den Fels bergauf. Auch heute wurden wir wieder mit den Unw\u00e4gbarkeiten der Berge konfrontiert, eine Wanderin hinter uns l\u00f6ste einen Stein aus, welcher zwischen den Wanderern ca. 50 m nach unten sprang. Gl\u00fccklicherweise wurde keiner getroffenen.<br \/>\r\nAuf dem Gipfel war schon Volksfeststimmung, ca. 20 Leute genossen die Aussicht ins Allg\u00e4uer Voralpenland. Im Gegensatz zum Vierseenblick vom Zirmgrat, hatten wir einen 6-Seenblick in Richtung F\u00fcssen, jeder See hatte eine andere Farbe. Von den 7 m\u00f6glichen fehlte nur der Schwanensee.<br \/>\r\nAuf dem R\u00fcckweg wollten wir an der L\u00e4uferspitze vorbei, aber f\u00fcr heute hatten wir keine Lust, den Gipfel heben wir uns f\u00fcr sp\u00e4ter auf.<br \/>\r\nVon S\u00fcden zogen inzwischen vermehrt Wolken auf, vielleicht kommt doch noch das angek\u00fcndigte Unwetter, die Temperatur wurde dadurch angenehmer.<br \/>\r\nZur\u00fcck ging es wieder mit der Seilbahn, inzwischen schien es noch ausgestorbener.<\/p>\r\n<div id=\"accordion-1\" class=\"accordion no-js\">\r\n\n\t\t\t\t\t<h3 role=\"button\" id=\"accordion-1-t1\" class=\"accordion-title js-accordion-controller\" aria-controls=\"accordion-1-c1\" aria-expanded=\"false\" tabindex=\"0\">\n\t\t\t\tInformation\t\t\t<\/h3>\n\t\t\n\t\t<div id=\"accordion-1-c1\" class=\"accordion-content\" aria-hidden=\"true\">\n\t\t\t\r\n<div align=\"center\" style=\"display:block;clear:both;margin:0;padding:0;\">\n   <table style=\"margin:0;table-layout:fixed;\" width=\"100%\" border=\"0\" cellspacing=\"0\" cellpadding=\"0\">\n     <tr valign=\"top\">\n       \n       <td width=\"40%\" align=\"left\" valign=\"top\" style=\"\"><div align=\"left\"  style=\"margin:0;padding:0;;\"><div class=\"jbox platinum\" style=\"border-width:5px;-moz-border-radius: 35px;-webkit-border-radius: 35px;-khtml-border-radius: 35px;border-radius: 35px;-webkit-box-shadow: 9px 9px 11px rgba(0,0,0,.15);-moz-box-shadow: 9px 9px 11px rgba(0,0,0,.15);box-shadow: 9px 9px 11px rgba(0,0,0,.15);\">  <div  class=\"jbox-title platinum\">Streckeninfo<\/div><div  class=\"jbox-content\"><small><strong>Wetter<\/strong> hei\u00df, trocken ca. 29 Grad<br \/>\r\n<strong>Anstieg<\/strong> 497 m<br \/>\r\n<strong>Strecke<\/strong> 5,7 km<br \/>\r\n<strong>Zeit<\/strong> 2:10 h<\/small><\/div><\/div><\/div><\/td><td width=\"6\" style=\"margin:0;padding:0;\"><\/td><td width=\"6\" style=\"margin:0;padding:0;\"><\/td><td width=\"60%\" align=\"left\" valign=\"top\" style=\"\"><div align=\"left\"  style=\"margin:0;padding:0;;\"><div class=\"jbox blue\" style=\"border-width:5px;-moz-border-radius: 35px;-webkit-border-radius: 35px;-khtml-border-radius: 35px;border-radius: 35px;-webkit-box-shadow: 9px 9px 11px rgba(0,0,0,.15);-moz-box-shadow: 9px 9px 11px rgba(0,0,0,.15);box-shadow: 9px 9px 11px rgba(0,0,0,.15);\">  <div  class=\"jbox-title blue\">Wegpunkte<\/div><div  class=\"jbox-content\"><small><strong>F\u00fcssener J\u00f6chle<\/strong> 10:50 Uhr 1805 m<br \/>\r\n<strong>Vilser Scharte<\/strong> 11:25 Uhr 1790 m, km 1,8<br \/>\r\n<strong>Gro\u00dfe Schlicke<\/strong> 11:55 &#8211; 12:30 Uhr 2059 m, km 2,8<br \/>\r\n<strong>F\u00fcssener J\u00f6chle<\/strong> 13:40 Uhr 1805 m, km 5,7<\/small><\/div><\/div><\/div><\/td>\n       \n     <\/tr>\n   <\/table>\n<\/div>\r\n<center><iframe loading=\"lazy\" src=\"https:\/\/www.muehles.de\/gpx\/geoWP.php5?h=15&#038;f=2014-06-09\" name=\"H\u00f6henberechnung\" width=\"100%\" height=\"300\"><\/iframe><\/center>\r\n\t\t<\/div>\n\n\t\t\r\n\n\t\t\t\t\t<h3 role=\"button\" id=\"accordion-1-t2\" class=\"accordion-title js-accordion-controller\" aria-controls=\"accordion-1-c2\" aria-expanded=\"false\" tabindex=\"0\">\n\t\t\t\tTrack mit H\u00f6henverlauf\t\t\t<\/h3>\n\t\t\n\t\t<div id=\"accordion-1-c2\" class=\"accordion-content\" aria-hidden=\"true\">\n\t\t\t\r\n<iframe loading=\"lazy\" src=\"https:\/\/www.muehles.de\/gpx\/JB.html?gpx=2014-06-09&#038;typ=OPENTOPO\" name=\"Tourenanzeige\" width=\"100%\" height=\"800\"><\/iframe>\r\n\t\t<\/div>\n\n\t\t\r\n\n\t\t\t\t\t<h3 role=\"button\" id=\"accordion-1-t3\" class=\"accordion-title js-accordion-controller\" aria-controls=\"accordion-1-c3\" aria-expanded=\"false\" tabindex=\"0\">\n\t\t\t\tGalerie\t\t\t<\/h3>\n\t\t\n\t\t<div id=\"accordion-1-c3\" class=\"accordion-content\" aria-hidden=\"true\">\n\t\t\t\r\n<center><div class='fotorama--wp' data-ids='2367,2368,2369,2370,2371,2372,2373'data-nav='thumbs'data-height='300'data-allowfullscreen='true'data-link='file'data-itemtag='dl'data-icontag='dt'data-captiontag='dd'data-columns='0'data-size='large'data-width='999'data-auto='false'data-max-width='100%'data-ratio='1.5'><div id='gallery-1' class='gallery galleryid-157 gallery-columns-0 gallery-size-thumbnail'><dl class='gallery-item'>\n\t\t\t<dt class='gallery-icon landscape'>\n\t\t\t\t<a href='https:\/\/www.muehles.de\/wp-content\/uploads\/2015\/01\/20140609_DSC_1159.jpg' data-full='https:\/\/www.muehles.de\/wp-content\/uploads\/2015\/01\/20140609_DSC_1159.jpg'><img loading=\"lazy\" decoding=\"async\" width=\"150\" height=\"150\" src=\"https:\/\/www.muehles.de\/wp-content\/uploads\/2015\/01\/20140609_DSC_1159-150x150.jpg\" class=\"attachment-thumbnail size-thumbnail\" alt=\"\" \/><\/a>\n\t\t\t<\/dt><\/dl><dl class='gallery-item'>\n\t\t\t<dt class='gallery-icon portrait'>\n\t\t\t\t<a href='https:\/\/www.muehles.de\/wp-content\/uploads\/2015\/01\/20140609_DSC_1189.jpg' data-full='https:\/\/www.muehles.de\/wp-content\/uploads\/2015\/01\/20140609_DSC_1189.jpg'><img loading=\"lazy\" decoding=\"async\" width=\"150\" height=\"150\" src=\"https:\/\/www.muehles.de\/wp-content\/uploads\/2015\/01\/20140609_DSC_1189-150x150.jpg\" class=\"attachment-thumbnail size-thumbnail\" alt=\"\" \/><\/a>\n\t\t\t<\/dt><\/dl><dl class='gallery-item'>\n\t\t\t<dt class='gallery-icon landscape'>\n\t\t\t\t<a href='https:\/\/www.muehles.de\/wp-content\/uploads\/2015\/01\/20140609_DSC_1196.jpg' data-full='https:\/\/www.muehles.de\/wp-content\/uploads\/2015\/01\/20140609_DSC_1196.jpg'><img loading=\"lazy\" decoding=\"async\" width=\"150\" height=\"150\" src=\"https:\/\/www.muehles.de\/wp-content\/uploads\/2015\/01\/20140609_DSC_1196-150x150.jpg\" class=\"attachment-thumbnail size-thumbnail\" alt=\"\" \/><\/a>\n\t\t\t<\/dt><\/dl><dl class='gallery-item'>\n\t\t\t<dt class='gallery-icon portrait'>\n\t\t\t\t<a href='https:\/\/www.muehles.de\/wp-content\/uploads\/2015\/01\/20140609_DSC_1198.jpg' data-full='https:\/\/www.muehles.de\/wp-content\/uploads\/2015\/01\/20140609_DSC_1198.jpg'><img loading=\"lazy\" decoding=\"async\" width=\"150\" height=\"150\" src=\"https:\/\/www.muehles.de\/wp-content\/uploads\/2015\/01\/20140609_DSC_1198-150x150.jpg\" class=\"attachment-thumbnail size-thumbnail\" alt=\"\" \/><\/a>\n\t\t\t<\/dt><\/dl><dl class='gallery-item'>\n\t\t\t<dt class='gallery-icon landscape'>\n\t\t\t\t<a href='https:\/\/www.muehles.de\/wp-content\/uploads\/2015\/01\/20140609_DSC_1202.jpg' data-full='https:\/\/www.muehles.de\/wp-content\/uploads\/2015\/01\/20140609_DSC_1202.jpg'><img loading=\"lazy\" decoding=\"async\" width=\"150\" height=\"150\" src=\"https:\/\/www.muehles.de\/wp-content\/uploads\/2015\/01\/20140609_DSC_1202-150x150.jpg\" class=\"attachment-thumbnail size-thumbnail\" alt=\"\" \/><\/a>\n\t\t\t<\/dt><\/dl><dl class='gallery-item'>\n\t\t\t<dt class='gallery-icon landscape'>\n\t\t\t\t<a href='https:\/\/www.muehles.de\/wp-content\/uploads\/2015\/01\/20140609_DSC_1206.jpg' data-full='https:\/\/www.muehles.de\/wp-content\/uploads\/2015\/01\/20140609_DSC_1206.jpg'><img loading=\"lazy\" decoding=\"async\" width=\"150\" height=\"150\" src=\"https:\/\/www.muehles.de\/wp-content\/uploads\/2015\/01\/20140609_DSC_1206-150x150.jpg\" class=\"attachment-thumbnail size-thumbnail\" alt=\"\" \/><\/a>\n\t\t\t<\/dt><\/dl><dl class='gallery-item'>\n\t\t\t<dt class='gallery-icon landscape'>\n\t\t\t\t<a href='https:\/\/www.muehles.de\/wp-content\/uploads\/2015\/01\/20140609_DSC_1215.jpg' data-full='https:\/\/www.muehles.de\/wp-content\/uploads\/2015\/01\/20140609_DSC_1215.jpg'><img loading=\"lazy\" decoding=\"async\" width=\"150\" height=\"150\" src=\"https:\/\/www.muehles.de\/wp-content\/uploads\/2015\/01\/20140609_DSC_1215-150x150.jpg\" class=\"attachment-thumbnail size-thumbnail\" alt=\"\" \/><\/a>\n\t\t\t<\/dt><\/dl>\n\t\t<\/div>\n<\/div><\/center>\r\n\t\t<\/div>\n\n\t\t\r\n<\/div>\r\n","protected":false},"excerpt":{"rendered":"<strong>Wanderung am 09.06.2014 vom F\u00fcssener J\u00f6chle zur Gro\u00dfen Schlicke <\/strong>\r\n\r\nDiesmal hatten wir eine kleinere Tour geplant.","protected":false},"author":1,"featured_media":2371,"comment_status":"closed","ping_status":"closed","sticky":false,"template":"","format":"standard","meta":{"footnotes":""},"categories":[3],"tags":[],"class_list":["post-157","post","type-post","status-publish","format-standard","has-post-thumbnail","hentry","category-wandern"],"_links":{"self":[{"href":"https:\/\/www.muehles.de\/index.php?rest_route=\/wp\/v2\/posts\/157","targetHints":{"allow":["GET"]}}],"collection":[{"href":"https:\/\/www.muehles.de\/index.php?rest_route=\/wp\/v2\/posts"}],"about":[{"href":"https:\/\/www.muehles.de\/index.php?rest_route=\/wp\/v2\/types\/post"}],"author":[{"embeddable":true,"href":"https:\/\/www.muehles.de\/index.php?rest_route=\/wp\/v2\/users\/1"}],"replies":[{"embeddable":true,"href":"https:\/\/www.muehles.de\/index.php?rest_route=%2Fwp%2Fv2%2Fcomments&post=157"}],"version-history":[{"count":17,"href":"https:\/\/www.muehles.de\/index.php?rest_route=\/wp\/v2\/posts\/157\/revisions"}],"predecessor-version":[{"id":1083,"href":"https:\/\/www.muehles.de\/index.php?rest_route=\/wp\/v2\/posts\/157\/revisions\/1083"}],"wp:featuredmedia":[{"embeddable":true,"href":"https:\/\/www.muehles.de\/index.php?rest_route=\/wp\/v2\/media\/2371"}],"wp:attachment":[{"href":"https:\/\/www.muehles.de\/index.php?rest_route=%2Fwp%2Fv2%2Fmedia&parent=157"}],"wp:term":[{"taxonomy":"category","embeddable":true,"href":"https:\/\/www.muehles.de\/index.php?rest_route=%2Fwp%2Fv2%2Fcategories&post=157"},{"taxonomy":"post_tag","embeddable":true,"href":"https:\/\/www.muehles.de\/index.php?rest_route=%2Fwp%2Fv2%2Ftags&post=157"}],"curies":[{"name":"wp","href":"https:\/\/api.w.org\/{rel}","templated":true}]}}