{"id":1698,"date":"2014-06-28T22:03:54","date_gmt":"2014-06-28T20:03:54","guid":{"rendered":"http:\/\/allgaeu.muehles.de\/?p=1698"},"modified":"2017-10-08T15:32:26","modified_gmt":"2017-10-08T13:32:26","slug":"berge-in-flammen-herzjesufeuer-in-nesselwaengle","status":"publish","type":"post","link":"https:\/\/www.muehles.de\/?p=1698","title":{"rendered":"Berge in Flammen \u2013 HerzJesuFeuer in Nesselw\u00e4ngle"},"content":{"rendered":"<strong>Zitat aus <\/strong><a title=\"HerzJesuFeuer im Tannheimer Tal\" href=\"http:\/\/www.tannheimertal.com\/region-orte\/tradition\/herz-jesu-feuer.html\" target=\"_blank\">HerzJesuFeuer im Tannheimer Tal<\/a>\r\n<p style=\"text-align: justify;\"><em>Einheimische des Tiroler Hochtals verteilen kunstvoll S\u00e4gemehls\u00e4ckchen auf die Bergr\u00fccken im Tannheimer Tal und ordnen sie in religi\u00f6sen Formen an. Betende H\u00e4nde, Kreuze, Tauben oder Herzen werden dann bei Einbruch der D\u00e4mmerung zeitgleich angez\u00fcndet und leuchten f\u00fcr die G\u00e4ste im Tal ungef\u00e4hr zwei Stunden lang.<\/em>\r\n<em>Jedes Jahr am zweiten Wochenende nach Fronleichnam. Am Samstag stehen die Berge um Nesselw\u00e4ngle und Haldensee in Flammen. In der folgenden Nacht brennen die Feuer in den Bergen um Jungholz, Schattwald, Z\u00f6blen, Tannheim und Gr\u00e4n.<\/em>\r\n<em>Was heute vor allem ein beeindruckend sch\u00f6nes Schauspiel ist, war urspr\u00fcnglich ein Zeichen des Widerstandes: Als 1796 franz\u00f6sische Truppen unter Napoleon I. das Land Tirol bedrohten, erbaten die Landst\u00e4nde den g\u00f6ttlichen Beistand des \u201eHeiligsten Herzen Jesu\u201c gegen die Eindringlinge. Als Zeichen des B\u00fcndnisses aller Tiroler und f\u00fcr den gemeinsamen Kampfbeginn entz\u00fcndeten sie damals die religi\u00f6sen Motive auf den Bergr\u00fccken und gelobten, das Herz-Jesu-Fest j\u00e4hrlich zu feiern. Bis heute halten sie ihr Versprechen.<\/em><\/p>\r\n<center><div class='fotorama--wp' data-ids='1723,1722,1721,1720,1719'data-nav='thumbs'data-height='300'data-allowfullscreen='true'data-link='file'data-itemtag='dl'data-icontag='dt'data-captiontag='dd'data-columns='0'data-size='large'data-width='998'data-auto='false'data-max-width='100%'data-ratio='1.4984984984985'><div id='gallery-1' class='gallery galleryid-1698 gallery-columns-0 gallery-size-thumbnail'><dl class='gallery-item'>\n\t\t\t<dt class='gallery-icon landscape'>\n\t\t\t\t<a href='https:\/\/www.muehles.de\/wp-content\/uploads\/2014\/11\/20140628-DSC_1500.jpg' data-full='https:\/\/www.muehles.de\/wp-content\/uploads\/2014\/11\/20140628-DSC_1500.jpg'><img loading=\"lazy\" decoding=\"async\" width=\"150\" height=\"150\" src=\"https:\/\/www.muehles.de\/wp-content\/uploads\/2014\/11\/20140628-DSC_1500-150x150.jpg\" class=\"attachment-thumbnail size-thumbnail\" alt=\"Rote Fl\u00fch mit Kammfeuer und Felsbeleuchtung\" aria-describedby=\"gallery-1-1723\" \/><\/a>\n\t\t\t<\/dt>\n\t\t\t\t<dd class='wp-caption-text gallery-caption' id='gallery-1-1723'>\n\t\t\t\tRote Fl\u00fch mit Kammfeuer und Felsbeleuchtung\n\t\t\t\t<\/dd><\/dl><dl class='gallery-item'>\n\t\t\t<dt class='gallery-icon landscape'>\n\t\t\t\t<a href='https:\/\/www.muehles.de\/wp-content\/uploads\/2014\/11\/20140628-DSC_1493.jpg' data-full='https:\/\/www.muehles.de\/wp-content\/uploads\/2014\/11\/20140628-DSC_1493.jpg'><img loading=\"lazy\" decoding=\"async\" width=\"150\" height=\"150\" src=\"https:\/\/www.muehles.de\/wp-content\/uploads\/2014\/11\/20140628-DSC_1493-150x150.jpg\" class=\"attachment-thumbnail size-thumbnail\" alt=\"Nesselw\u00e4ngle mit Hahnenkamm\" aria-describedby=\"gallery-1-1722\" \/><\/a>\n\t\t\t<\/dt>\n\t\t\t\t<dd class='wp-caption-text gallery-caption' id='gallery-1-1722'>\n\t\t\t\tNesselw\u00e4ngle mit Hahnenkamm\n\t\t\t\t<\/dd><\/dl><dl class='gallery-item'>\n\t\t\t<dt class='gallery-icon landscape'>\n\t\t\t\t<a href='https:\/\/www.muehles.de\/wp-content\/uploads\/2014\/11\/20140628-DSC_1485.jpg' data-full='https:\/\/www.muehles.de\/wp-content\/uploads\/2014\/11\/20140628-DSC_1485.jpg'><img loading=\"lazy\" decoding=\"async\" width=\"150\" height=\"150\" src=\"https:\/\/www.muehles.de\/wp-content\/uploads\/2014\/11\/20140628-DSC_1485-150x150.jpg\" class=\"attachment-thumbnail size-thumbnail\" alt=\"Unterhalb der Krinnenspitze\" aria-describedby=\"gallery-1-1721\" \/><\/a>\n\t\t\t<\/dt>\n\t\t\t\t<dd class='wp-caption-text gallery-caption' id='gallery-1-1721'>\n\t\t\t\tUnterhalb der Krinnenspitze\n\t\t\t\t<\/dd><\/dl><dl class='gallery-item'>\n\t\t\t<dt class='gallery-icon landscape'>\n\t\t\t\t<a href='https:\/\/www.muehles.de\/wp-content\/uploads\/2014\/11\/20140628-DSC_1465.jpg' data-full='https:\/\/www.muehles.de\/wp-content\/uploads\/2014\/11\/20140628-DSC_1465.jpg'><img loading=\"lazy\" decoding=\"async\" width=\"150\" height=\"150\" src=\"https:\/\/www.muehles.de\/wp-content\/uploads\/2014\/11\/20140628-DSC_1465-150x150.jpg\" class=\"attachment-thumbnail size-thumbnail\" alt=\"\u00dcber Nesselw\u00e4ngle unterhalb des Hahnenkamm\" aria-describedby=\"gallery-1-1720\" \/><\/a>\n\t\t\t<\/dt>\n\t\t\t\t<dd class='wp-caption-text gallery-caption' id='gallery-1-1720'>\n\t\t\t\t\u00dcber Nesselw\u00e4ngle unterhalb des Hahnenkamm\n\t\t\t\t<\/dd><\/dl><dl class='gallery-item'>\n\t\t\t<dt class='gallery-icon landscape'>\n\t\t\t\t<a href='https:\/\/www.muehles.de\/wp-content\/uploads\/2014\/11\/20140628-DSC_1460.jpg' data-full='https:\/\/www.muehles.de\/wp-content\/uploads\/2014\/11\/20140628-DSC_1460.jpg'><img loading=\"lazy\" decoding=\"async\" width=\"150\" height=\"150\" src=\"https:\/\/www.muehles.de\/wp-content\/uploads\/2014\/11\/20140628-DSC_1460-150x150.jpg\" class=\"attachment-thumbnail size-thumbnail\" alt=\"Unterhalb des Hahnenkamm\" aria-describedby=\"gallery-1-1719\" \/><\/a>\n\t\t\t<\/dt>\n\t\t\t\t<dd class='wp-caption-text gallery-caption' id='gallery-1-1719'>\n\t\t\t\tUnterhalb des Hahnenkamm\n\t\t\t\t<\/dd><\/dl>\n\t\t<\/div>\n<\/div><\/center>","protected":false},"excerpt":{"rendered":"<strong>HerzJesuFeuer im Tannheimer Tal<\/strong>\r\n\r\nEinheimische des Tiroler Hochtals verteilen kunstvoll S\u00e4gemehls\u00e4ckchen auf die Bergr\u00fccken im Tannheimer Tal und ordnen sie in religi\u00f6sen Formen an.\r\n","protected":false},"author":1,"featured_media":1723,"comment_status":"closed","ping_status":"closed","sticky":false,"template":"","format":"standard","meta":{"footnotes":""},"categories":[44],"tags":[],"class_list":["post-1698","post","type-post","status-publish","format-standard","has-post-thumbnail","hentry","category-events"],"_links":{"self":[{"href":"https:\/\/www.muehles.de\/index.php?rest_route=\/wp\/v2\/posts\/1698","targetHints":{"allow":["GET"]}}],"collection":[{"href":"https:\/\/www.muehles.de\/index.php?rest_route=\/wp\/v2\/posts"}],"about":[{"href":"https:\/\/www.muehles.de\/index.php?rest_route=\/wp\/v2\/types\/post"}],"author":[{"embeddable":true,"href":"https:\/\/www.muehles.de\/index.php?rest_route=\/wp\/v2\/users\/1"}],"replies":[{"embeddable":true,"href":"https:\/\/www.muehles.de\/index.php?rest_route=%2Fwp%2Fv2%2Fcomments&post=1698"}],"version-history":[{"count":5,"href":"https:\/\/www.muehles.de\/index.php?rest_route=\/wp\/v2\/posts\/1698\/revisions"}],"predecessor-version":[{"id":1701,"href":"https:\/\/www.muehles.de\/index.php?rest_route=\/wp\/v2\/posts\/1698\/revisions\/1701"}],"wp:featuredmedia":[{"embeddable":true,"href":"https:\/\/www.muehles.de\/index.php?rest_route=\/wp\/v2\/media\/1723"}],"wp:attachment":[{"href":"https:\/\/www.muehles.de\/index.php?rest_route=%2Fwp%2Fv2%2Fmedia&parent=1698"}],"wp:term":[{"taxonomy":"category","embeddable":true,"href":"https:\/\/www.muehles.de\/index.php?rest_route=%2Fwp%2Fv2%2Fcategories&post=1698"},{"taxonomy":"post_tag","embeddable":true,"href":"https:\/\/www.muehles.de\/index.php?rest_route=%2Fwp%2Fv2%2Ftags&post=1698"}],"curies":[{"name":"wp","href":"https:\/\/api.w.org\/{rel}","templated":true}]}}