{"id":176,"date":"2014-06-28T18:05:11","date_gmt":"2014-06-28T16:05:11","guid":{"rendered":"http:\/\/allgaeu.muehles.de\/?p=176"},"modified":"2019-07-14T13:15:39","modified_gmt":"2019-07-14T11:15:39","slug":"schnitzlertal-alpe","status":"publish","type":"post","link":"https:\/\/www.muehles.de\/?p=176","title":{"rendered":"Schnitzlertal Alpe"},"content":{"rendered":"<strong>Wanderung am 28.06.2014 von Wertach zur Schnitzlertal Alpe<\/strong>\r\n<p style=\"text-align: justify;\">Heute wollten wir einmal eine bereit seit l\u00e4ngerem geplante Wanderung zur Schnitzlertalalpe unternehmen, weil wir bei dieser Tour unsere beiden M\u00e4dels mitnehmen k\u00f6nnen.<br \/>\r\nAusgangspunkt unserer Wanderung war der Parkplatz am Kreisverkehr am Ortsende von Wertach Richtung Rettenberg. Der erste Teil der Wanderung f\u00fchrt \u00fcber einen sch\u00f6nen Wiesenweg bis zum Wald &#8222;Auf dem Zeiger&#8220;. Dort gewinnen wir schnell an H\u00f6he (der Weguntergrund ist Schotter), dann durchqueren wir eine Kuhweide und wandern weiter bis wir auf einen gut ausgebauten Fahrweg treffen. Diesen \u00fcberqueren wir und folgen ihm bis wir auf die Fahrstrasse treffen, die wir eigentlich meiden wollten, wegen der Autos (Mautpflichtig) und Mountainbiker (somit m\u00fcssen die M\u00e4dels leider an die Leine). Der Strasse folgen wir und erreichen nach 1 Std. und 40 Min. die Schnitzlertalalpe. Wir finden einen sch\u00f6nen Platz auf der Terrasse und lassen uns den Wurstsalat und den wunderbaren Buttermilchkuchen schmecken.<br \/>\r\nNach einer Stunde machen wir uns &#8211; wegen der schlechten Wettervorhersage f\u00fcr den Nachmittag &#8211; wieder auf den R\u00fcckweg und entscheiden uns f\u00fcr den Wanderweg, der gleich bei der Kuhweide hinter der Alpe losgeht. Beim Blick zur\u00fcck auf das Wertacher H\u00f6rnle sieht der Gipfel sehr sch\u00f6n aus, von Unterjoch \u00fcber die Buchelalpe hat man nur einen Blick auf den kahlen Gipfel, wurde von uns auch schon als sehr h\u00e4sslich bezeichnet.<br \/>\r\nDer Weg f\u00fchrt \u00fcber einer Kuhweide, an der K\u00e4lberh\u00fctte vorbei und in den Wald hinein. Die M\u00e4dels freuen sich \u00fcber den Schatten.<\/p> <figure id=\"attachment_2029\" aria-describedby=\"caption-attachment-2029\" style=\"width: 198px\" class=\"wp-caption alignright\"><a href=\"https:\/\/www.muehles.de\/?attachment_id=2029\" rel=\"attachment wp-att-2029\"><img loading=\"lazy\" decoding=\"async\" src=\"https:\/\/www.muehles.de\/wp-content\/uploads\/2014\/11\/20140628-DSC_1439-198x300.jpg\" alt=\"Ich kann nicht mehr - Pause\" width=\"198\" height=\"300\" class=\"size-medium wp-image-2029\" srcset=\"https:\/\/www.muehles.de\/wp-content\/uploads\/2014\/11\/20140628-DSC_1439-198x300.jpg 198w, https:\/\/www.muehles.de\/wp-content\/uploads\/2014\/11\/20140628-DSC_1439.jpg 441w\" sizes=\"auto, (max-width: 198px) 100vw, 198px\" \/><\/a><figcaption id=\"caption-attachment-2029\" class=\"wp-caption-text\">Ich kann nicht mehr &#8211; Pause<\/figcaption><\/figure>\r\n<p style=\"text-align: justify;\">Der Weg wird bald etwas breiter und f\u00fchrt leicht steil bergab bis zu einer Holzbr\u00fccke, die \u00fcber einen Bach f\u00fchrt. Ab dort wird der Weg wieder breiter und mit festem Untergrund. Diesem folgen wir, bei der n\u00e4chsten Wegkreuzung halten wir uns links und laufen immer am Bach entlang bis wir wieder auf die Fahrstrasse treffen. Hier folgen wir der Fahrstrasse Richtung Schnitzlertalalpe und biegen nach ca. 150m links ab zur &#8222;Unteren Bichleralpe&#8220; &#8211; leider wieder eine geteerte Fahrstrasse.<br \/>\r\nBei der Alpe legen wir noch eine Pause ein und geniessen die Ruhe. \u00dcber die Kuhweide verlassen wir die Alpe, folgen dem Weg in einem schmalen Pfad durch den Wald, der uns nach kurzer Zeit wieder auf unseren Schotterweg &#8222;Auf dem Zeiger&#8220; f\u00fchrt, den wir heute Vormittag bereits hochgelaufen sind. nach kurzer Zeit erreichen wir wieder unseren Wiesenweg, der uns zum Parkplatz f\u00fchrt.<br \/>\r\n<em>Fazit: eine wundersch\u00f6ne und abwechslungsreiche Wanderung.<\/em><\/p>\r\n<div id=\"accordion-1\" class=\"accordion no-js\">\r\n\n\t\t\t\t\t<h3 role=\"button\" id=\"accordion-1-t1\" class=\"accordion-title js-accordion-controller\" aria-controls=\"accordion-1-c1\" aria-expanded=\"false\" tabindex=\"0\">\n\t\t\t\tInformation\t\t\t<\/h3>\n\t\t\n\t\t<div id=\"accordion-1-c1\" class=\"accordion-content\" aria-hidden=\"true\">\n\t\t\t\r\n<div align=\"center\" style=\"display:block;clear:both;margin:0;padding:0;\">\n   <table style=\"margin:0;table-layout:fixed;\" width=\"100%\" border=\"0\" cellspacing=\"0\" cellpadding=\"0\">\n     <tr valign=\"top\">\n       \n       <td width=\"40%\" align=\"left\" valign=\"top\" style=\"\"><div align=\"left\"  style=\"margin:0;padding:0;;\"><div class=\"jbox platinum\" style=\"border-width:5px;-moz-border-radius: 35px;-webkit-border-radius: 35px;-khtml-border-radius: 35px;border-radius: 35px;-webkit-box-shadow: 9px 9px 11px rgba(0,0,0,.15);-moz-box-shadow: 9px 9px 11px rgba(0,0,0,.15);box-shadow: 9px 9px 11px rgba(0,0,0,.15);\">  <div  class=\"jbox-title platinum\">Streckeninfo<\/div><div  class=\"jbox-content\"><small><strong>Wetter<\/strong> wolkig, trocken ca. 22 Grad<br \/>\r\n<strong>Anstieg<\/strong> 575 m<br \/>\r\n<strong>Strecke<\/strong> 14,4 km<br \/>\r\n<strong>Zeit<\/strong> 3:35 h<\/small><\/div><\/div><\/div><\/td><td width=\"6\" style=\"margin:0;padding:0;\"><\/td><td width=\"6\" style=\"margin:0;padding:0;\"><\/td><td width=\"60%\" align=\"left\" valign=\"top\" style=\"\"><div align=\"left\"  style=\"margin:0;padding:0;;\"><div class=\"jbox blue\" style=\"border-width:5px;-moz-border-radius: 35px;-webkit-border-radius: 35px;-khtml-border-radius: 35px;border-radius: 35px;-webkit-box-shadow: 9px 9px 11px rgba(0,0,0,.15);-moz-box-shadow: 9px 9px 11px rgba(0,0,0,.15);box-shadow: 9px 9px 11px rgba(0,0,0,.15);\">  <div  class=\"jbox-title blue\">Wegpunkte<\/div><div  class=\"jbox-content\"><small><strong>Wertach<\/strong> 10:30 Uhr 933 m<br \/>\r\n<strong>Schnitzlertal Alpe<\/strong> 12:10 &#8211; 12:55 Uhr 1400 m, km 6,7<br \/>\r\n<strong>Untere Bichlalpe<\/strong> 14:10 &#8211; 14:40 Uhr 1073 m, km 11,6<br \/>\r\n<strong>Wertach<\/strong> 15:20 Uhr 933 m, km 14,4<\/small><\/div><\/div><\/div><\/td>\n       \n     <\/tr>\n   <\/table>\n<\/div>\r\n<center><iframe loading=\"lazy\" src=\"https:\/\/www.muehles.de\/gpx\/geoWP.php5?h=15&#038;f=2014-06-28\" name=\"H\u00f6henberechnung\" width=\"100%\" height=\"300\"><\/iframe><\/center>\r\n\t\t<\/div>\n\n\t\t\r\n\n\t\t\t\t\t<h3 role=\"button\" id=\"accordion-1-t2\" class=\"accordion-title js-accordion-controller\" aria-controls=\"accordion-1-c2\" aria-expanded=\"false\" tabindex=\"0\">\n\t\t\t\tTrack mit H\u00f6henverlauf\t\t\t<\/h3>\n\t\t\n\t\t<div id=\"accordion-1-c2\" class=\"accordion-content\" aria-hidden=\"true\">\n\t\t\t\r\n<iframe loading=\"lazy\" src=\"https:\/\/www.muehles.de\/gpx\/JB.html?gpx=2014-06-28&#038;typ=OPENTOPO\" name=\"Tourenanzeige\" width=\"100%\" height=\"800\"><\/iframe>\r\n\t\t<\/div>\n\n\t\t\r\n<\/div>\r\n","protected":false},"excerpt":{"rendered":"<strong>Wanderung am 28.06.2014 von Wertach zur Schnitzlertal Alpe<\/strong>\r\n\r\nHeute wollten wir einmal eine bereit seit l\u00e4ngerem geplante Wanderung zur Schnitzlertalalpe unternehmen, weil wir bei dieser Tour unsere beiden M\u00e4dels mitnehmen k\u00f6nnen.\r\n","protected":false},"author":1,"featured_media":2029,"comment_status":"closed","ping_status":"closed","sticky":false,"template":"","format":"standard","meta":{"footnotes":""},"categories":[3],"tags":[20],"class_list":["post-176","post","type-post","status-publish","format-standard","has-post-thumbnail","hentry","category-wandern","tag-maedels"],"_links":{"self":[{"href":"https:\/\/www.muehles.de\/index.php?rest_route=\/wp\/v2\/posts\/176","targetHints":{"allow":["GET"]}}],"collection":[{"href":"https:\/\/www.muehles.de\/index.php?rest_route=\/wp\/v2\/posts"}],"about":[{"href":"https:\/\/www.muehles.de\/index.php?rest_route=\/wp\/v2\/types\/post"}],"author":[{"embeddable":true,"href":"https:\/\/www.muehles.de\/index.php?rest_route=\/wp\/v2\/users\/1"}],"replies":[{"embeddable":true,"href":"https:\/\/www.muehles.de\/index.php?rest_route=%2Fwp%2Fv2%2Fcomments&post=176"}],"version-history":[{"count":31,"href":"https:\/\/www.muehles.de\/index.php?rest_route=\/wp\/v2\/posts\/176\/revisions"}],"predecessor-version":[{"id":1063,"href":"https:\/\/www.muehles.de\/index.php?rest_route=\/wp\/v2\/posts\/176\/revisions\/1063"}],"wp:featuredmedia":[{"embeddable":true,"href":"https:\/\/www.muehles.de\/index.php?rest_route=\/wp\/v2\/media\/2029"}],"wp:attachment":[{"href":"https:\/\/www.muehles.de\/index.php?rest_route=%2Fwp%2Fv2%2Fmedia&parent=176"}],"wp:term":[{"taxonomy":"category","embeddable":true,"href":"https:\/\/www.muehles.de\/index.php?rest_route=%2Fwp%2Fv2%2Fcategories&post=176"},{"taxonomy":"post_tag","embeddable":true,"href":"https:\/\/www.muehles.de\/index.php?rest_route=%2Fwp%2Fv2%2Ftags&post=176"}],"curies":[{"name":"wp","href":"https:\/\/api.w.org\/{rel}","templated":true}]}}