{"id":21,"date":"2014-05-31T20:02:04","date_gmt":"2014-05-31T18:02:04","guid":{"rendered":"http:\/\/allgaeu.muehles.de\/?p=21"},"modified":"2019-07-14T13:17:51","modified_gmt":"2019-07-14T11:17:51","slug":"familienwanderung-zur-schneetalalm","status":"publish","type":"post","link":"https:\/\/www.muehles.de\/?p=21","title":{"rendered":"Familienwanderung zur Schneetalalm"},"content":{"rendered":"<strong>Wanderung am 31.05.2014 von Nesselw\u00e4ngle \u00fcber Gimpelhaus und Tannheimer H\u00fctte zur Schneetalalm<\/strong>\r\n<p style=\"text-align: justify;\">Nachdem es letztes Jahr so gut mit unserer ersten Familienwanderung geklappt hatte, beschlossen wir spontan es fortzusetzen, diesmal waren wir nur zu sieben und hochmotiviert. Unsere j\u00e4hrliche Familienwanderung sollte in Nesselw\u00e4ngle starten und zur Schneetalalm f\u00fchren.\r\nNach dem es gestern den ganzen Tag regnete, haben wir uns auf eine &#8222;matschige&#8220; Tour eingestellt. Wir wurden nicht entt\u00e4uscht. Aber wir haben es ganz gut \u00fcberstanden, trotzdem waren die Hosen teilweise reif f\u00fcr die Waschmaschine.\r\nZu Anfang geht es kurz und heftig steil zum Gimpelhaus, danach ging es weiter zur Tannheimer H\u00fctte. Wir hatten Gl\u00fcck unsere Vorhut hat den besten Platz auf der Empore gesichert.\r\nDie Saisoner\u00f6ffnung durch die neuen P\u00e4chter fand erst am Donnerstag statt. Aktuell sieht es so aus, dass die alte H\u00fctte doch noch ein paar Jahre stehen bleibt.\r\nNach der St\u00e4rkung ging es weiter zur Schneetalalm. Kurz vor dem Ziel haben wir uns geteilt. Die M\u00e4dels sind direkt zur H\u00fctte gewandert, die M\u00e4nner wollten unbedingt noch einen kleinen Gipfel mitnehmen, \u00fcber das Hochjoch ging es zum Ditzl. Von dort hatten wir ein sch\u00f6nen Blick \u00fcber Reutte in die Ammergauer Berge. Die Zugspitze versteckte sich in den Wolken.\r\nKurz danach sind wir dann auch an der H\u00fctte angekommen. Inzwischen hat es sich deutlich abgek\u00fchlt, trotz warmer Getr\u00e4nke sind wir nach einer halben Stunde in die geheizte Gaststube gewechselt.\r\nNach einer letzten St\u00e4rkung ging es zur\u00fcck nach Nesselw\u00e4ngle. Im Tal war es eindeutig w\u00e4rmer.\r\nJedenfalls werden wir n\u00e4chstes Jahr uns wieder zum gemeinsam Wandern treffen.<\/p>\r\n<div id=\"accordion-1\" class=\"accordion no-js\">\r\n\n\t\t\t\t\t<h3 role=\"button\" id=\"accordion-1-t1\" class=\"accordion-title js-accordion-controller\" aria-controls=\"accordion-1-c1\" aria-expanded=\"false\" tabindex=\"0\">\n\t\t\t\tInformation\t\t\t<\/h3>\n\t\t\n\t\t<div id=\"accordion-1-c1\" class=\"accordion-content\" aria-hidden=\"true\">\n\t\t\t\r\n<div align=\"center\" style=\"display:block;clear:both;margin:0;padding:0;\">\n   <table style=\"margin:0;table-layout:fixed;\" width=\"100%\" border=\"0\" cellspacing=\"0\" cellpadding=\"0\">\n     <tr valign=\"top\">\n       \n       <td width=\"40%\" align=\"left\" valign=\"top\" style=\"\"><div align=\"left\"  style=\"margin:0;padding:0;;\"><div class=\"jbox platinum\" style=\"border-width:5px;-moz-border-radius: 35px;-webkit-border-radius: 35px;-khtml-border-radius: 35px;border-radius: 35px;-webkit-box-shadow: 9px 9px 11px rgba(0,0,0,.15);-moz-box-shadow: 9px 9px 11px rgba(0,0,0,.15);box-shadow: 9px 9px 11px rgba(0,0,0,.15);\">  <div  class=\"jbox-title platinum\">Streckeninfo<\/div><div  class=\"jbox-content\"><small><strong>Wetter<\/strong> bew\u00f6lkt, trocken ca. 14 Grad<br \/>\r\n<strong>Anstieg<\/strong> 772 m<br \/>\r\n<strong>Strecke<\/strong> 12,1 km<br \/>\r\n<strong>Zeit<\/strong> 4:20 h<\/small><\/div><\/div><\/div><\/td><td width=\"6\" style=\"margin:0;padding:0;\"><\/td><td width=\"6\" style=\"margin:0;padding:0;\"><\/td><td width=\"60%\" align=\"left\" valign=\"top\" style=\"\"><div align=\"left\"  style=\"margin:0;padding:0;;\"><div class=\"jbox blue\" style=\"border-width:5px;-moz-border-radius: 35px;-webkit-border-radius: 35px;-khtml-border-radius: 35px;border-radius: 35px;-webkit-box-shadow: 9px 9px 11px rgba(0,0,0,.15);-moz-box-shadow: 9px 9px 11px rgba(0,0,0,.15);box-shadow: 9px 9px 11px rgba(0,0,0,.15);\">  <div  class=\"jbox-title blue\">Wegpunkte<\/div><div  class=\"jbox-content\"><small><strong>Nesselw\u00e4ngle<\/strong> 10:10 Uhr 1133 m<br \/>\r\n<strong>Gimpelhaus<\/strong> 11:30 Uhr 1632 m, km 2,7<br \/>\r\n<strong>Tannheimer H\u00fctte<\/strong> 11:45 &#8211; 13:00 Uhr 1713 m, km 3,3<br \/>\r\n<strong>Hochjoch<\/strong> 14:05 Uhr 1746 m, km 6,0<br \/>\r\n<strong>Schneetalalm<\/strong> 14:35 &#8211; 15:45 Uhr 1626 m, km 7,1<br \/>\r\n<strong>Nesselw\u00e4ngle<\/strong> 17:15 Uhr 1133 m, km 12,1<\/small><\/div><\/div><\/div><\/td>\n       \n     <\/tr>\n   <\/table>\n<\/div>\r\n<center><iframe loading=\"lazy\" src=\"https:\/\/www.muehles.de\/gpx\/geoWP.php5?h=15&#038;f=2014-05-31\" name=\"H\u00f6henberechnung\" width=\"100%\" height=\"300\"><\/iframe><\/center>\r\n\t\t<\/div>\n\n\t\t\r\n\n\t\t\t\t\t<h3 role=\"button\" id=\"accordion-1-t2\" class=\"accordion-title js-accordion-controller\" aria-controls=\"accordion-1-c2\" aria-expanded=\"false\" tabindex=\"0\">\n\t\t\t\tTrack mit H\u00f6henverlauf\t\t\t<\/h3>\n\t\t\n\t\t<div id=\"accordion-1-c2\" class=\"accordion-content\" aria-hidden=\"true\">\n\t\t\t\r\n<iframe loading=\"lazy\" src=\"https:\/\/www.muehles.de\/gpx\/JB.html?gpx=2014-05-31&#038;typ=OPENTOPO\" name=\"Tourenanzeige\" width=\"100%\" height=\"800\"><\/iframe>\r\n\t\t<\/div>\n\n\t\t\r\n\n\t\t\t\t\t<h3 role=\"button\" id=\"accordion-1-t3\" class=\"accordion-title js-accordion-controller\" aria-controls=\"accordion-1-c3\" aria-expanded=\"false\" tabindex=\"0\">\n\t\t\t\tGalerie\t\t\t<\/h3>\n\t\t\n\t\t<div id=\"accordion-1-c3\" class=\"accordion-content\" aria-hidden=\"true\">\n\t\t\t\r\n<center><div class='fotorama--wp' data-ids='2014,2015,2016,2017,2361,2362,2363,2364,2365,2366'data-nav='thumbs'data-height='300'data-allowfullscreen='true'data-link='file'data-itemtag='dl'data-icontag='dt'data-captiontag='dd'data-columns='0'data-size='large'data-width='999'data-auto='false'data-max-width='100%'data-ratio='1.5'><div id='gallery-1' class='gallery galleryid-21 gallery-columns-0 gallery-size-thumbnail'><dl class='gallery-item'>\n\t\t\t<dt class='gallery-icon landscape'>\n\t\t\t\t<a href='https:\/\/www.muehles.de\/wp-content\/uploads\/2014\/11\/20140531-DSC_1003.jpg' data-full='https:\/\/www.muehles.de\/wp-content\/uploads\/2014\/11\/20140531-DSC_1003.jpg'><img loading=\"lazy\" decoding=\"async\" width=\"150\" height=\"150\" src=\"https:\/\/www.muehles.de\/wp-content\/uploads\/2014\/11\/20140531-DSC_1003-150x150.jpg\" class=\"attachment-thumbnail size-thumbnail\" alt=\"\" \/><\/a>\n\t\t\t<\/dt><\/dl><dl class='gallery-item'>\n\t\t\t<dt class='gallery-icon landscape'>\n\t\t\t\t<a href='https:\/\/www.muehles.de\/wp-content\/uploads\/2014\/11\/20140531-DSC_1017.jpg' data-full='https:\/\/www.muehles.de\/wp-content\/uploads\/2014\/11\/20140531-DSC_1017.jpg'><img loading=\"lazy\" decoding=\"async\" width=\"150\" height=\"150\" src=\"https:\/\/www.muehles.de\/wp-content\/uploads\/2014\/11\/20140531-DSC_1017-150x150.jpg\" class=\"attachment-thumbnail size-thumbnail\" alt=\"\" \/><\/a>\n\t\t\t<\/dt><\/dl><dl class='gallery-item'>\n\t\t\t<dt class='gallery-icon landscape'>\n\t\t\t\t<a href='https:\/\/www.muehles.de\/wp-content\/uploads\/2014\/11\/20140531-DSC_1019.jpg' data-full='https:\/\/www.muehles.de\/wp-content\/uploads\/2014\/11\/20140531-DSC_1019.jpg'><img loading=\"lazy\" decoding=\"async\" width=\"150\" height=\"150\" src=\"https:\/\/www.muehles.de\/wp-content\/uploads\/2014\/11\/20140531-DSC_1019-150x150.jpg\" class=\"attachment-thumbnail size-thumbnail\" alt=\"\" \/><\/a>\n\t\t\t<\/dt><\/dl><dl class='gallery-item'>\n\t\t\t<dt class='gallery-icon landscape'>\n\t\t\t\t<a href='https:\/\/www.muehles.de\/wp-content\/uploads\/2014\/11\/20140531-DSC_1022.jpg' data-full='https:\/\/www.muehles.de\/wp-content\/uploads\/2014\/11\/20140531-DSC_1022.jpg'><img loading=\"lazy\" decoding=\"async\" width=\"150\" height=\"150\" src=\"https:\/\/www.muehles.de\/wp-content\/uploads\/2014\/11\/20140531-DSC_1022-150x150.jpg\" class=\"attachment-thumbnail size-thumbnail\" alt=\"\" \/><\/a>\n\t\t\t<\/dt><\/dl><dl class='gallery-item'>\n\t\t\t<dt class='gallery-icon landscape'>\n\t\t\t\t<a href='https:\/\/www.muehles.de\/wp-content\/uploads\/2015\/01\/20140531_DSC_0994.jpg' data-full='https:\/\/www.muehles.de\/wp-content\/uploads\/2015\/01\/20140531_DSC_0994.jpg'><img loading=\"lazy\" decoding=\"async\" width=\"150\" height=\"150\" src=\"https:\/\/www.muehles.de\/wp-content\/uploads\/2015\/01\/20140531_DSC_0994-150x150.jpg\" class=\"attachment-thumbnail size-thumbnail\" alt=\"\" \/><\/a>\n\t\t\t<\/dt><\/dl><dl class='gallery-item'>\n\t\t\t<dt class='gallery-icon landscape'>\n\t\t\t\t<a href='https:\/\/www.muehles.de\/wp-content\/uploads\/2015\/01\/20140531_DSC_1006.jpg' data-full='https:\/\/www.muehles.de\/wp-content\/uploads\/2015\/01\/20140531_DSC_1006.jpg'><img loading=\"lazy\" decoding=\"async\" width=\"150\" height=\"150\" src=\"https:\/\/www.muehles.de\/wp-content\/uploads\/2015\/01\/20140531_DSC_1006-150x150.jpg\" class=\"attachment-thumbnail size-thumbnail\" alt=\"\" \/><\/a>\n\t\t\t<\/dt><\/dl><dl class='gallery-item'>\n\t\t\t<dt class='gallery-icon landscape'>\n\t\t\t\t<a href='https:\/\/www.muehles.de\/wp-content\/uploads\/2015\/01\/20140531_DSC_1009.jpg' data-full='https:\/\/www.muehles.de\/wp-content\/uploads\/2015\/01\/20140531_DSC_1009.jpg'><img loading=\"lazy\" decoding=\"async\" width=\"150\" height=\"150\" src=\"https:\/\/www.muehles.de\/wp-content\/uploads\/2015\/01\/20140531_DSC_1009-150x150.jpg\" class=\"attachment-thumbnail size-thumbnail\" alt=\"\" \/><\/a>\n\t\t\t<\/dt><\/dl><dl class='gallery-item'>\n\t\t\t<dt class='gallery-icon landscape'>\n\t\t\t\t<a href='https:\/\/www.muehles.de\/wp-content\/uploads\/2015\/01\/20140531_DSC_1015.jpg' data-full='https:\/\/www.muehles.de\/wp-content\/uploads\/2015\/01\/20140531_DSC_1015.jpg'><img loading=\"lazy\" decoding=\"async\" width=\"150\" height=\"150\" src=\"https:\/\/www.muehles.de\/wp-content\/uploads\/2015\/01\/20140531_DSC_1015-150x150.jpg\" class=\"attachment-thumbnail size-thumbnail\" alt=\"\" \/><\/a>\n\t\t\t<\/dt><\/dl><dl class='gallery-item'>\n\t\t\t<dt class='gallery-icon landscape'>\n\t\t\t\t<a href='https:\/\/www.muehles.de\/wp-content\/uploads\/2015\/01\/20140531_DSC_1017.jpg' data-full='https:\/\/www.muehles.de\/wp-content\/uploads\/2015\/01\/20140531_DSC_1017.jpg'><img loading=\"lazy\" decoding=\"async\" width=\"150\" height=\"150\" src=\"https:\/\/www.muehles.de\/wp-content\/uploads\/2015\/01\/20140531_DSC_1017-150x150.jpg\" class=\"attachment-thumbnail size-thumbnail\" alt=\"\" \/><\/a>\n\t\t\t<\/dt><\/dl><dl class='gallery-item'>\n\t\t\t<dt class='gallery-icon landscape'>\n\t\t\t\t<a href='https:\/\/www.muehles.de\/wp-content\/uploads\/2015\/01\/20140531_DSC_1020.jpg' data-full='https:\/\/www.muehles.de\/wp-content\/uploads\/2015\/01\/20140531_DSC_1020.jpg'><img loading=\"lazy\" decoding=\"async\" width=\"150\" height=\"150\" src=\"https:\/\/www.muehles.de\/wp-content\/uploads\/2015\/01\/20140531_DSC_1020-150x150.jpg\" class=\"attachment-thumbnail size-thumbnail\" alt=\"\" \/><\/a>\n\t\t\t<\/dt><\/dl>\n\t\t<\/div>\n<\/div><\/center>\r\n\t\t<\/div>\n\n\t\t\r\n<\/div>\r\n","protected":false},"excerpt":{"rendered":"<strong>Wanderung am 31.05.2014 von Nesselw\u00e4ngle \u00fcber Gimpelhaus und Tannheimer H\u00fctte zur Schneetalalm<\/strong>\r\n\r\nNachdem es letztes Jahr so gut mit unserer ersten Familienwanderung geklappt hatte, beschlossen wir spontan es fortzusetzen, diesmal waren wir nur zu sieben und hochmotiviert.\r\n","protected":false},"author":1,"featured_media":2016,"comment_status":"closed","ping_status":"closed","sticky":false,"template":"","format":"standard","meta":{"footnotes":""},"categories":[3],"tags":[78,74,80,73,79],"class_list":["post-21","post","type-post","status-publish","format-standard","has-post-thumbnail","hentry","category-wandern","tag-claudia","tag-kerstin","tag-marco","tag-stefan","tag-thomas"],"_links":{"self":[{"href":"https:\/\/www.muehles.de\/index.php?rest_route=\/wp\/v2\/posts\/21","targetHints":{"allow":["GET"]}}],"collection":[{"href":"https:\/\/www.muehles.de\/index.php?rest_route=\/wp\/v2\/posts"}],"about":[{"href":"https:\/\/www.muehles.de\/index.php?rest_route=\/wp\/v2\/types\/post"}],"author":[{"embeddable":true,"href":"https:\/\/www.muehles.de\/index.php?rest_route=\/wp\/v2\/users\/1"}],"replies":[{"embeddable":true,"href":"https:\/\/www.muehles.de\/index.php?rest_route=%2Fwp%2Fv2%2Fcomments&post=21"}],"version-history":[{"count":31,"href":"https:\/\/www.muehles.de\/index.php?rest_route=\/wp\/v2\/posts\/21\/revisions"}],"predecessor-version":[{"id":1048,"href":"https:\/\/www.muehles.de\/index.php?rest_route=\/wp\/v2\/posts\/21\/revisions\/1048"}],"wp:featuredmedia":[{"embeddable":true,"href":"https:\/\/www.muehles.de\/index.php?rest_route=\/wp\/v2\/media\/2016"}],"wp:attachment":[{"href":"https:\/\/www.muehles.de\/index.php?rest_route=%2Fwp%2Fv2%2Fmedia&parent=21"}],"wp:term":[{"taxonomy":"category","embeddable":true,"href":"https:\/\/www.muehles.de\/index.php?rest_route=%2Fwp%2Fv2%2Fcategories&post=21"},{"taxonomy":"post_tag","embeddable":true,"href":"https:\/\/www.muehles.de\/index.php?rest_route=%2Fwp%2Fv2%2Ftags&post=21"}],"curies":[{"name":"wp","href":"https:\/\/api.w.org\/{rel}","templated":true}]}}