{"id":237,"date":"2014-07-01T16:10:59","date_gmt":"2014-07-01T14:10:59","guid":{"rendered":"http:\/\/allgaeu.muehles.de\/?p=237"},"modified":"2019-07-14T13:15:12","modified_gmt":"2019-07-14T11:15:12","slug":"griessbachalm","status":"publish","type":"post","link":"https:\/\/www.muehles.de\/?p=237","title":{"rendered":"Grie\u00dfbachalm"},"content":{"rendered":"<strong>Wanderung am 01.07.2014 von Grie\u00dfau zur Grie\u00dfbachalm<\/strong>\r\n<p style=\"text-align: justify;\">Nachdem die Wanderung mit Brigitte und Helmut auf Freitag verschoben wurde, haben wir uns eine gem\u00fctliche und einigerma\u00dfen trockene Wanderung f\u00fcr die M\u00e4dels rausgesucht.<br \/>\r\nIn Grie\u00dfau ging es links \u00fcber den Lech immer den Schildern folgend durch den ganzen Ort zum Parkplatz. Wir waren erst das zweite Auto, dadurch hatten wir freie Wahl.<br \/>\r\nZu Anfang war der Weg frisch geteert, ging dann aber in schattige Forststra\u00dfe durch den Wald. Es ging sch\u00f6n gleichm\u00e4\u00dfig mit einer Kehre schnell hoch, die Belgier, die Besitzer vom ersten Auto, wurde auch schnell eingeholt. Uns entgegen kam der erste Teil einer Schulklasse, die restlichen Sch\u00fcler haben wir oben auf der Alm getroffen, bis dahin hatten die M\u00e4dels freie Bahn.<br \/>\r\nNach ca. 2,5 km war der Anstieg bew\u00e4ltigt, jetzt kam eine flache, aber nicht ganz ungef\u00e4hrliche Strecke, rechts Felswand links Abgrund. Hier mu\u00df man als Autofahrer sein Kopfkino ausschalten, aber der Verkehr h\u00e4lt sich in Grenzen, wir haben erst oben das erste Auto gesehen.<br \/>\r\nJetzt wurde die Aussicht auf das Talende sichtbar, unten pl\u00e4tscherte der Grie\u00dfbach Richtung Lech.<br \/>\r\n\u00dcber eine urige Holzbr\u00fccke querten wir den Bach, scheint auch f\u00fcr Autos zu funktionieren. Die M\u00e4dels schauten erst einmal verdutzt am Anfang der Br\u00fccke, ob sie da wirklich r\u00fcbergehen sollten.<br \/>\r\nBei der Alm h\u00f6rten wir die Schulklasse, welche sich auf dem Weg ins Tal machten, wie wir sp\u00e4ter erfuhren, haben sie die Vorr\u00e4te an Wiener W\u00fcrstchen gepl\u00fcndert.<br \/>\r\nF\u00fcr den Wirt waren wir noch zu fr\u00fch, die Glocke f\u00fcr den Begr\u00fc\u00dfungsschnaps fehlte noch, wir bekamen diesen auch so. F\u00fcr ca. eine halbe Stunde waren wir die einzigen G\u00e4ste, die Bedienung und ein Bautrupp kamen mit dem Auto auch erst nach uns.<br \/>\r\nMit sehr viel Liebe war innen und au\u00dfen alles sehr einladend eingerichtet worden.\r\nAuch das Essen schmeckte sehr gut, inzwischen f\u00fcllten sich langsam die Bierb\u00e4nke, die Glocke f\u00fcr den Begr\u00fc\u00dfungsschnaps wurde noch mehrmals bet\u00e4tigt. Zwei Mountainbiker verirrten sich auch hier hoch, Vater mit Sohn, der Sohn hatte aber Unterst\u00fctzung mittels E-Bike.<br \/>\r\nNachdem wir uns gen\u00fcgend ausgeruht und die umliegenden Berge betrachtet hatten, machten wir uns auf den R\u00fcckweg. An der Br\u00fccke versuchten wir es noch einmal mit einem Fotoshooting, aber tierische Models haben ihren eigenen Kopf.<br \/>\r\nAuf der Schotterstra\u00dfe konnten sich die M\u00e4dels in den Rinnsalen mit Quellwasser von den Bergen abk\u00fchlen.<br \/>\r\nBergrunter fanden wir die Forststra\u00dfe steiler als auf dem Hinweg.<br \/>\r\nKurz vor Schlu\u00df machten wir noch einen kleinen Abstecher auf den Gr\u00fcnauer H\u00f6henweg.<br \/>\r\nDer Parkplatz war inzwischen mit mehr als 10 Autos gut gef\u00fcllt.<\/p>\r\n<div id=\"accordion-1\" class=\"accordion no-js\">\r\n\n\t\t\t\t\t<h3 role=\"button\" id=\"accordion-1-t1\" class=\"accordion-title js-accordion-controller\" aria-controls=\"accordion-1-c1\" aria-expanded=\"false\" tabindex=\"0\">\n\t\t\t\tInformation\t\t\t<\/h3>\n\t\t\n\t\t<div id=\"accordion-1-c1\" class=\"accordion-content\" aria-hidden=\"true\">\n\t\t\t\r\n<div align=\"center\" style=\"display:block;clear:both;margin:0;padding:0;\">\n   <table style=\"margin:0;table-layout:fixed;\" width=\"100%\" border=\"0\" cellspacing=\"0\" cellpadding=\"0\">\n     <tr valign=\"top\">\n       \n       <td width=\"40%\" align=\"left\" valign=\"top\" style=\"\"><div align=\"left\"  style=\"margin:0;padding:0;;\"><div class=\"jbox platinum\" style=\"border-width:5px;-moz-border-radius: 35px;-webkit-border-radius: 35px;-khtml-border-radius: 35px;border-radius: 35px;-webkit-box-shadow: 9px 9px 11px rgba(0,0,0,.15);-moz-box-shadow: 9px 9px 11px rgba(0,0,0,.15);box-shadow: 9px 9px 11px rgba(0,0,0,.15);\">  <div  class=\"jbox-title platinum\">Streckeninfo<\/div><div  class=\"jbox-content\"><small><strong>Wetter<\/strong> wolkig, trocken ca. 18 Grad<br \/>\r\n<strong>Anstieg<\/strong> 450 m<br \/>\r\n<strong>Strecke<\/strong> 10,7 km<br \/>\r\n<strong>Zeit<\/strong> 2:55 h<\/small><\/div><\/div><\/div><\/td><td width=\"6\" style=\"margin:0;padding:0;\"><\/td><td width=\"6\" style=\"margin:0;padding:0;\"><\/td><td width=\"60%\" align=\"left\" valign=\"top\" style=\"\"><div align=\"left\"  style=\"margin:0;padding:0;;\"><div class=\"jbox blue\" style=\"border-width:5px;-moz-border-radius: 35px;-webkit-border-radius: 35px;-khtml-border-radius: 35px;border-radius: 35px;-webkit-box-shadow: 9px 9px 11px rgba(0,0,0,.15);-moz-box-shadow: 9px 9px 11px rgba(0,0,0,.15);box-shadow: 9px 9px 11px rgba(0,0,0,.15);\">  <div  class=\"jbox-title blue\">Wegpunkte<\/div><div  class=\"jbox-content\"><small><strong>Grie\u00dfau<\/strong> 9:20 Uhr 1062 m<br \/>\r\n<strong>Grie\u00dfbachalm<\/strong> 10:35 &#8211; 12:20 Uhr 1471 m, km 4,7<br \/>\r\n<strong>Grie\u00dfau<\/strong> 14:00 Uhr 1062 m, km 10,7<\/small><\/div><\/div><\/div><\/td>\n       \n     <\/tr>\n   <\/table>\n<\/div>\r\n<center><iframe loading=\"lazy\" src=\"https:\/\/www.muehles.de\/gpx\/geoWP.php5?h=15&#038;f=2014-07-01\" name=\"H\u00f6henberechnung\" width=\"100%\" height=\"300\"><\/iframe><\/center>\r\n\t\t<\/div>\n\n\t\t\r\n\n\t\t\t\t\t<h3 role=\"button\" id=\"accordion-1-t2\" class=\"accordion-title js-accordion-controller\" aria-controls=\"accordion-1-c2\" aria-expanded=\"false\" tabindex=\"0\">\n\t\t\t\tTrack mit H\u00f6henverlauf\t\t\t<\/h3>\n\t\t\n\t\t<div id=\"accordion-1-c2\" class=\"accordion-content\" aria-hidden=\"true\">\n\t\t\t\r\n<iframe loading=\"lazy\" src=\"https:\/\/www.muehles.de\/gpx\/JB.html?gpx=2014-07-01&#038;typ=OPENTOPO\" name=\"Tourenanzeige\" width=\"100%\" height=\"800\"><\/iframe>\r\n\t\t<\/div>\n\n\t\t\r\n\n\t\t\t\t\t<h3 role=\"button\" id=\"accordion-1-t3\" class=\"accordion-title js-accordion-controller\" aria-controls=\"accordion-1-c3\" aria-expanded=\"false\" tabindex=\"0\">\n\t\t\t\tGalerie\t\t\t<\/h3>\n\t\t\n\t\t<div id=\"accordion-1-c3\" class=\"accordion-content\" aria-hidden=\"true\">\n\t\t\t\r\n<center><div class='fotorama--wp' data-ids='2415,2416,2417,2418,2419,2420,2421,2422,2423,2424,2425'data-nav='thumbs'data-height='300'data-allowfullscreen='true'data-link='file'data-itemtag='dl'data-icontag='dt'data-captiontag='dd'data-columns='0'data-size='large'data-width='1024'data-auto='false'data-max-width='100%'data-ratio='1.7268128161889'><div id='gallery-1' class='gallery galleryid-237 gallery-columns-0 gallery-size-thumbnail'><dl class='gallery-item'>\n\t\t\t<dt class='gallery-icon landscape'>\n\t\t\t\t<a href='https:\/\/www.muehles.de\/wp-content\/uploads\/2015\/01\/20140701_DSC_1517-1024x593.jpg' data-full='https:\/\/www.muehles.de\/wp-content\/uploads\/2015\/01\/20140701_DSC_1517.jpg'><img loading=\"lazy\" decoding=\"async\" width=\"150\" height=\"150\" src=\"https:\/\/www.muehles.de\/wp-content\/uploads\/2015\/01\/20140701_DSC_1517-150x150.jpg\" class=\"attachment-thumbnail size-thumbnail\" alt=\"\" \/><\/a>\n\t\t\t<\/dt><\/dl><dl class='gallery-item'>\n\t\t\t<dt class='gallery-icon landscape'>\n\t\t\t\t<a href='https:\/\/www.muehles.de\/wp-content\/uploads\/2015\/01\/20140701_DSC_1525.jpg' data-full='https:\/\/www.muehles.de\/wp-content\/uploads\/2015\/01\/20140701_DSC_1525.jpg'><img loading=\"lazy\" decoding=\"async\" width=\"150\" height=\"150\" src=\"https:\/\/www.muehles.de\/wp-content\/uploads\/2015\/01\/20140701_DSC_1525-150x150.jpg\" class=\"attachment-thumbnail size-thumbnail\" alt=\"\" \/><\/a>\n\t\t\t<\/dt><\/dl><dl class='gallery-item'>\n\t\t\t<dt class='gallery-icon landscape'>\n\t\t\t\t<a href='https:\/\/www.muehles.de\/wp-content\/uploads\/2015\/01\/20140701_DSC_1531.jpg' data-full='https:\/\/www.muehles.de\/wp-content\/uploads\/2015\/01\/20140701_DSC_1531.jpg'><img loading=\"lazy\" decoding=\"async\" width=\"150\" height=\"150\" src=\"https:\/\/www.muehles.de\/wp-content\/uploads\/2015\/01\/20140701_DSC_1531-150x150.jpg\" class=\"attachment-thumbnail size-thumbnail\" alt=\"\" \/><\/a>\n\t\t\t<\/dt><\/dl><dl class='gallery-item'>\n\t\t\t<dt class='gallery-icon landscape'>\n\t\t\t\t<a href='https:\/\/www.muehles.de\/wp-content\/uploads\/2015\/01\/20140701_DSC_1534.jpg' data-full='https:\/\/www.muehles.de\/wp-content\/uploads\/2015\/01\/20140701_DSC_1534.jpg'><img loading=\"lazy\" decoding=\"async\" width=\"150\" height=\"150\" src=\"https:\/\/www.muehles.de\/wp-content\/uploads\/2015\/01\/20140701_DSC_1534-150x150.jpg\" class=\"attachment-thumbnail size-thumbnail\" alt=\"\" \/><\/a>\n\t\t\t<\/dt><\/dl><dl class='gallery-item'>\n\t\t\t<dt class='gallery-icon landscape'>\n\t\t\t\t<a href='https:\/\/www.muehles.de\/wp-content\/uploads\/2015\/01\/20140701_DSC_1542.jpg' data-full='https:\/\/www.muehles.de\/wp-content\/uploads\/2015\/01\/20140701_DSC_1542.jpg'><img loading=\"lazy\" decoding=\"async\" width=\"150\" height=\"150\" src=\"https:\/\/www.muehles.de\/wp-content\/uploads\/2015\/01\/20140701_DSC_1542-150x150.jpg\" class=\"attachment-thumbnail size-thumbnail\" alt=\"\" \/><\/a>\n\t\t\t<\/dt><\/dl><dl class='gallery-item'>\n\t\t\t<dt class='gallery-icon landscape'>\n\t\t\t\t<a href='https:\/\/www.muehles.de\/wp-content\/uploads\/2015\/01\/20140701_DSC_1544.jpg' data-full='https:\/\/www.muehles.de\/wp-content\/uploads\/2015\/01\/20140701_DSC_1544.jpg'><img loading=\"lazy\" decoding=\"async\" width=\"150\" height=\"150\" src=\"https:\/\/www.muehles.de\/wp-content\/uploads\/2015\/01\/20140701_DSC_1544-150x150.jpg\" class=\"attachment-thumbnail size-thumbnail\" alt=\"\" \/><\/a>\n\t\t\t<\/dt><\/dl><dl class='gallery-item'>\n\t\t\t<dt class='gallery-icon portrait'>\n\t\t\t\t<a href='https:\/\/www.muehles.de\/wp-content\/uploads\/2015\/01\/20140701_DSC_1550.jpg' data-full='https:\/\/www.muehles.de\/wp-content\/uploads\/2015\/01\/20140701_DSC_1550.jpg'><img loading=\"lazy\" decoding=\"async\" width=\"150\" height=\"150\" src=\"https:\/\/www.muehles.de\/wp-content\/uploads\/2015\/01\/20140701_DSC_1550-150x150.jpg\" class=\"attachment-thumbnail size-thumbnail\" alt=\"\" \/><\/a>\n\t\t\t<\/dt><\/dl><dl class='gallery-item'>\n\t\t\t<dt class='gallery-icon portrait'>\n\t\t\t\t<a href='https:\/\/www.muehles.de\/wp-content\/uploads\/2015\/01\/20140701_DSC_1553.jpg' data-full='https:\/\/www.muehles.de\/wp-content\/uploads\/2015\/01\/20140701_DSC_1553.jpg'><img loading=\"lazy\" decoding=\"async\" width=\"150\" height=\"150\" src=\"https:\/\/www.muehles.de\/wp-content\/uploads\/2015\/01\/20140701_DSC_1553-150x150.jpg\" class=\"attachment-thumbnail size-thumbnail\" alt=\"\" \/><\/a>\n\t\t\t<\/dt><\/dl><dl class='gallery-item'>\n\t\t\t<dt class='gallery-icon portrait'>\n\t\t\t\t<a href='https:\/\/www.muehles.de\/wp-content\/uploads\/2015\/01\/20140701_DSC_1591.jpg' data-full='https:\/\/www.muehles.de\/wp-content\/uploads\/2015\/01\/20140701_DSC_1591.jpg'><img loading=\"lazy\" decoding=\"async\" width=\"150\" height=\"150\" src=\"https:\/\/www.muehles.de\/wp-content\/uploads\/2015\/01\/20140701_DSC_1591-150x150.jpg\" class=\"attachment-thumbnail size-thumbnail\" alt=\"\" \/><\/a>\n\t\t\t<\/dt><\/dl><dl class='gallery-item'>\n\t\t\t<dt class='gallery-icon landscape'>\n\t\t\t\t<a href='https:\/\/www.muehles.de\/wp-content\/uploads\/2015\/01\/20140701_DSC_1597.jpg' data-full='https:\/\/www.muehles.de\/wp-content\/uploads\/2015\/01\/20140701_DSC_1597.jpg'><img loading=\"lazy\" decoding=\"async\" width=\"150\" height=\"150\" src=\"https:\/\/www.muehles.de\/wp-content\/uploads\/2015\/01\/20140701_DSC_1597-150x150.jpg\" class=\"attachment-thumbnail size-thumbnail\" alt=\"\" \/><\/a>\n\t\t\t<\/dt><\/dl><dl class='gallery-item'>\n\t\t\t<dt class='gallery-icon landscape'>\n\t\t\t\t<a href='https:\/\/www.muehles.de\/wp-content\/uploads\/2015\/01\/20140701_DSC_1627-1024x585.jpg' data-full='https:\/\/www.muehles.de\/wp-content\/uploads\/2015\/01\/20140701_DSC_1627.jpg'><img loading=\"lazy\" decoding=\"async\" width=\"150\" height=\"150\" src=\"https:\/\/www.muehles.de\/wp-content\/uploads\/2015\/01\/20140701_DSC_1627-150x150.jpg\" class=\"attachment-thumbnail size-thumbnail\" alt=\"\" \/><\/a>\n\t\t\t<\/dt><\/dl>\n\t\t<\/div>\n<\/div><\/center>\r\n\t\t<\/div>\n\n\t\t\r\n<\/div>\r\n","protected":false},"excerpt":{"rendered":"<strong>Wanderung am 01.07.2014 von Grie\u00dfau zur Grie\u00dfbachalm <\/strong>\r\n\r\nNachdem die Wanderung mit Brigitte und Helmut auf Freitag verschoben wurde, haben wir uns eine gem\u00fctliche und einigerma\u00dfen trockene Wanderung f\u00fcr die M\u00e4dels rausgesucht.\r\n","protected":false},"author":1,"featured_media":2416,"comment_status":"closed","ping_status":"closed","sticky":false,"template":"","format":"standard","meta":{"footnotes":""},"categories":[3],"tags":[71,29,20],"class_list":["post-237","post","type-post","status-publish","format-standard","has-post-thumbnail","hentry","category-wandern","tag-bergschuhe","tag-lechtal","tag-maedels"],"_links":{"self":[{"href":"https:\/\/www.muehles.de\/index.php?rest_route=\/wp\/v2\/posts\/237","targetHints":{"allow":["GET"]}}],"collection":[{"href":"https:\/\/www.muehles.de\/index.php?rest_route=\/wp\/v2\/posts"}],"about":[{"href":"https:\/\/www.muehles.de\/index.php?rest_route=\/wp\/v2\/types\/post"}],"author":[{"embeddable":true,"href":"https:\/\/www.muehles.de\/index.php?rest_route=\/wp\/v2\/users\/1"}],"replies":[{"embeddable":true,"href":"https:\/\/www.muehles.de\/index.php?rest_route=%2Fwp%2Fv2%2Fcomments&post=237"}],"version-history":[{"count":26,"href":"https:\/\/www.muehles.de\/index.php?rest_route=\/wp\/v2\/posts\/237\/revisions"}],"predecessor-version":[{"id":1040,"href":"https:\/\/www.muehles.de\/index.php?rest_route=\/wp\/v2\/posts\/237\/revisions\/1040"}],"wp:featuredmedia":[{"embeddable":true,"href":"https:\/\/www.muehles.de\/index.php?rest_route=\/wp\/v2\/media\/2416"}],"wp:attachment":[{"href":"https:\/\/www.muehles.de\/index.php?rest_route=%2Fwp%2Fv2%2Fmedia&parent=237"}],"wp:term":[{"taxonomy":"category","embeddable":true,"href":"https:\/\/www.muehles.de\/index.php?rest_route=%2Fwp%2Fv2%2Fcategories&post=237"},{"taxonomy":"post_tag","embeddable":true,"href":"https:\/\/www.muehles.de\/index.php?rest_route=%2Fwp%2Fv2%2Ftags&post=237"}],"curies":[{"name":"wp","href":"https:\/\/api.w.org\/{rel}","templated":true}]}}