{"id":273,"date":"2014-07-04T19:56:39","date_gmt":"2014-07-04T17:56:39","guid":{"rendered":"http:\/\/allgaeu.muehles.de\/?p=273"},"modified":"2019-07-14T13:14:03","modified_gmt":"2019-07-14T11:14:03","slug":"hoernle-gruppe","status":"publish","type":"post","link":"https:\/\/www.muehles.de\/?p=273","title":{"rendered":"H\u00f6rnle-Gruppe"},"content":{"rendered":"<strong>Wanderung am 04.07.2014 von Kappel bei Unterammergau zur H\u00f6rnle-H\u00fctte<\/strong>\r\n<p style=\"text-align: justify;\">Heute unternahmen wir eine Tour mit Brigitte und Helmut zu den Gipfeln der H\u00f6rnle-Gruppe.<br \/>\r\nDas Wetter war schon sehr fr\u00fch warm und sollte noch schw\u00fcler werden. Deshalb haben wir die M\u00e4dels auch zu Hause gelassen.<br \/>\r\nWir begannen die Tour am Parkplatz bei der Kirche in Kappel. Wir liefen die Tour westw\u00e4rts in Richtung &#8222;Drei Marken&#8220;. Der Weg f\u00fchrte an einem Bach &#8222;Enge Laine&#8220; schnell bergauf, der Weg war sehr schattig, aber auch sehr feucht, das konnte man auch an der Vegetation erkennen.\r\nDanach ging es einen breiten Forstweg zu den &#8222;Drei Marken&#8220;. Er machte seinem Namen Sonnenweg alle Ehre. An der Wegkreuzung ging es zum ersten Gipfel \u00fcber einen mit Wurzeln \u00fcbers\u00e4ten Waldpfad. Oben angekommen wurden wir von einer Kuhherde begr\u00fc\u00dft.<br \/>\r\n\u00dcber die Wiesen ging es jetzt zu den weiteren Gipfeln. Am h\u00f6chsten Gipfel weidete eine Pferdeherde. Ein gro\u00dfes Holzger\u00fcst f\u00fcr ein Bergfeuer war auch schon aufgebaut. Die Sicht war heute nicht so gut wie gestern, trotzdem hatten wir einen sch\u00f6nen Blick Richtung Zugspitze, Ammergebirge, Hochplatte und bis zum Aggenstein. Angeblich war der Sarahastaub daf\u00fcr verantwortlich. Der Blick ins Alpenvorland mit den vielen Seen war daf\u00fcr umso klarer.<br \/>\r\n\u00dcber das Mittlere H\u00f6rnle ging es weiter in Richtung H\u00f6rnle-H\u00fctte. Den letzten Gipfel haben wir uns gespart. Die vier Gipfel waren wie Perlen aneinander gereiht.<br \/>\r\nDie H\u00f6rnle-H\u00fctte war nur m\u00e4\u00dfig besucht, trotz der N\u00e4he zum Sessellift. Wir hatten freie Platzwahl und genossen die St\u00e4rkung.<br \/>\r\n\u00dcber einen Waldweg ging es \u00e4hnlich runter nach Kappel wie beim Hinweg. Ca. einen Kilometer liefen wir in der Ebene zum Parkplatz zur\u00fcck.<\/p>\r\n<div id=\"accordion-1\" class=\"accordion no-js\">\r\n\n\t\t\t\t\t<h3 role=\"button\" id=\"accordion-1-t1\" class=\"accordion-title js-accordion-controller\" aria-controls=\"accordion-1-c1\" aria-expanded=\"false\" tabindex=\"0\">\n\t\t\t\tInformation\t\t\t<\/h3>\n\t\t\n\t\t<div id=\"accordion-1-c1\" class=\"accordion-content\" aria-hidden=\"true\">\n\t\t\t\r\n<div align=\"center\" style=\"display:block;clear:both;margin:0;padding:0;\">\n   <table style=\"margin:0;table-layout:fixed;\" width=\"100%\" border=\"0\" cellspacing=\"0\" cellpadding=\"0\">\n     <tr valign=\"top\">\n       \n       <td width=\"40%\" align=\"left\" valign=\"top\" style=\"\"><div align=\"left\"  style=\"margin:0;padding:0;;\"><div class=\"jbox platinum\" style=\"border-width:5px;-moz-border-radius: 35px;-webkit-border-radius: 35px;-khtml-border-radius: 35px;border-radius: 35px;-webkit-box-shadow: 9px 9px 11px rgba(0,0,0,.15);-moz-box-shadow: 9px 9px 11px rgba(0,0,0,.15);box-shadow: 9px 9px 11px rgba(0,0,0,.15);\">  <div  class=\"jbox-title platinum\">Streckeninfo<\/div><div  class=\"jbox-content\"><small><strong>Wetter<\/strong> wolkig, schw\u00fcl ca. 24 Grad<br \/>\r\n<strong>Anstieg<\/strong> 811 m<br \/>\r\n<strong>Strecke<\/strong> 12,4 km<br \/>\r\n<strong>Zeit<\/strong> 4:55 h<\/small><\/div><\/div><\/div><\/td><td width=\"6\" style=\"margin:0;padding:0;\"><\/td><td width=\"6\" style=\"margin:0;padding:0;\"><\/td><td width=\"60%\" align=\"left\" valign=\"top\" style=\"\"><div align=\"left\"  style=\"margin:0;padding:0;;\"><div class=\"jbox blue\" style=\"border-width:5px;-moz-border-radius: 35px;-webkit-border-radius: 35px;-khtml-border-radius: 35px;border-radius: 35px;-webkit-box-shadow: 9px 9px 11px rgba(0,0,0,.15);-moz-box-shadow: 9px 9px 11px rgba(0,0,0,.15);box-shadow: 9px 9px 11px rgba(0,0,0,.15);\">  <div  class=\"jbox-title blue\">Wegpunkte<\/div><div  class=\"jbox-content\"><small><strong>Unterammergau<\/strong> 09:55 Uhr 844 m<br \/>\r\n<strong>Stierkopf<\/strong> 12:20 Uhr 1535 m, km 5,5<br \/>\r\n<strong>Hinteres H\u00f6rnle<\/strong> 12:30 &#8211; 13:00 Uhr 1548 m, km 5,9<br \/>\r\n<strong>Mittleres H\u00f6rnle<\/strong> 13:35 Uhr 1496 m, km 7,0<br \/>\r\n<strong>H\u00f6rnle-H\u00fctte<\/strong> 13:50 &#8211; 15:05 Uhr 1392 m, km 7,7<br \/>\r\n<strong>Unterammergau<\/strong> 16:35 Uhr 844 m, km 12,4<\/small><\/div><\/div><\/div><\/td>\n       \n     <\/tr>\n   <\/table>\n<\/div>\r\n<center><iframe loading=\"lazy\" src=\"https:\/\/www.muehles.de\/gpx\/geoWP.php5?h=15&#038;f=2014-07-04\" name=\"H\u00f6henberechnung\" width=\"100%\" height=\"300\"><\/iframe><\/center>\r\n\t\t<\/div>\n\n\t\t\r\n\n\t\t\t\t\t<h3 role=\"button\" id=\"accordion-1-t2\" class=\"accordion-title js-accordion-controller\" aria-controls=\"accordion-1-c2\" aria-expanded=\"false\" tabindex=\"0\">\n\t\t\t\tTrack mit H\u00f6henverlauf\t\t\t<\/h3>\n\t\t\n\t\t<div id=\"accordion-1-c2\" class=\"accordion-content\" aria-hidden=\"true\">\n\t\t\t\r\n<iframe loading=\"lazy\" src=\"https:\/\/www.muehles.de\/gpx\/JB.html?gpx=2014-07-04&#038;typ=OPENTOPO\" name=\"Tourenanzeige\" width=\"100%\" height=\"800\"><\/iframe>\r\n\t\t<\/div>\n\n\t\t\r\n\n\t\t\t\t\t<h3 role=\"button\" id=\"accordion-1-t3\" class=\"accordion-title js-accordion-controller\" aria-controls=\"accordion-1-c3\" aria-expanded=\"false\" tabindex=\"0\">\n\t\t\t\tGalerie\t\t\t<\/h3>\n\t\t\n\t\t<div id=\"accordion-1-c3\" class=\"accordion-content\" aria-hidden=\"true\">\n\t\t\t\r\n<center><div class='fotorama--wp' data-ids='2428,2426,2427,2036'data-nav='thumbs'data-height='300'data-allowfullscreen='true'data-link='file'data-itemtag='dl'data-icontag='dt'data-captiontag='dd'data-columns='0'data-size='large'data-width='999'data-auto='false'data-max-width='100%'data-ratio='1.5'><div id='gallery-1' class='gallery galleryid-273 gallery-columns-0 gallery-size-thumbnail'><dl class='gallery-item'>\n\t\t\t<dt class='gallery-icon landscape'>\n\t\t\t\t<a href='https:\/\/www.muehles.de\/wp-content\/uploads\/2015\/01\/20140704_DSC_1844.jpg' data-full='https:\/\/www.muehles.de\/wp-content\/uploads\/2015\/01\/20140704_DSC_1844.jpg'><img loading=\"lazy\" decoding=\"async\" width=\"150\" height=\"150\" src=\"https:\/\/www.muehles.de\/wp-content\/uploads\/2015\/01\/20140704_DSC_1844-150x150.jpg\" class=\"attachment-thumbnail size-thumbnail\" alt=\"\" aria-describedby=\"gallery-1-2428\" \/><\/a>\n\t\t\t<\/dt>\n\t\t\t\t<dd class='wp-caption-text gallery-caption' id='gallery-1-2428'>\n\t\t\t\tMittleres H\u00f6rnle\n\t\t\t\t<\/dd><\/dl><dl class='gallery-item'>\n\t\t\t<dt class='gallery-icon landscape'>\n\t\t\t\t<a href='https:\/\/www.muehles.de\/wp-content\/uploads\/2015\/01\/20140704_DSC_1824.jpg' data-full='https:\/\/www.muehles.de\/wp-content\/uploads\/2015\/01\/20140704_DSC_1824.jpg'><img loading=\"lazy\" decoding=\"async\" width=\"150\" height=\"150\" src=\"https:\/\/www.muehles.de\/wp-content\/uploads\/2015\/01\/20140704_DSC_1824-150x150.jpg\" class=\"attachment-thumbnail size-thumbnail\" alt=\"\" aria-describedby=\"gallery-1-2426\" \/><\/a>\n\t\t\t<\/dt>\n\t\t\t\t<dd class='wp-caption-text gallery-caption' id='gallery-1-2426'>\n\t\t\t\tKirche in Kappel bei Unterammergau\n\t\t\t\t<\/dd><\/dl><dl class='gallery-item'>\n\t\t\t<dt class='gallery-icon landscape'>\n\t\t\t\t<a href='https:\/\/www.muehles.de\/wp-content\/uploads\/2015\/01\/20140704_DSC_1840.jpg' data-full='https:\/\/www.muehles.de\/wp-content\/uploads\/2015\/01\/20140704_DSC_1840.jpg'><img loading=\"lazy\" decoding=\"async\" width=\"150\" height=\"150\" src=\"https:\/\/www.muehles.de\/wp-content\/uploads\/2015\/01\/20140704_DSC_1840-150x150.jpg\" class=\"attachment-thumbnail size-thumbnail\" alt=\"\" aria-describedby=\"gallery-1-2427\" \/><\/a>\n\t\t\t<\/dt>\n\t\t\t\t<dd class='wp-caption-text gallery-caption' id='gallery-1-2427'>\n\t\t\t\tPferde auf dem Vorderen H\u00f6rnle\n\t\t\t\t<\/dd><\/dl><dl class='gallery-item'>\n\t\t\t<dt class='gallery-icon landscape'>\n\t\t\t\t<a href='https:\/\/www.muehles.de\/wp-content\/uploads\/2014\/11\/20140704-DSC_1841.jpg' data-full='https:\/\/www.muehles.de\/wp-content\/uploads\/2014\/11\/20140704-DSC_1841.jpg'><img loading=\"lazy\" decoding=\"async\" width=\"150\" height=\"150\" src=\"https:\/\/www.muehles.de\/wp-content\/uploads\/2014\/11\/20140704-DSC_1841-150x150.jpg\" class=\"attachment-thumbnail size-thumbnail\" alt=\"\" aria-describedby=\"gallery-1-2036\" \/><\/a>\n\t\t\t<\/dt>\n\t\t\t\t<dd class='wp-caption-text gallery-caption' id='gallery-1-2036'>\n\t\t\t\tauf dem Hinteren H\u00f6rnle\n\t\t\t\t<\/dd><\/dl>\n\t\t<\/div>\n<\/div><\/center>\r\n\t\t<\/div>\n\n\t\t\r\n<\/div>\r\n","protected":false},"excerpt":{"rendered":"<strong>Wanderung am 04.07.2014 von Kappel bei Unterammergau zur H\u00f6rnle-H\u00fctte <\/strong>\r\n\r\nHeute unternahmen wir eine Tour mit Brigitte und Helmut zu den Gipfeln der H\u00f6rnle-Gruppe.\r\n","protected":false},"author":1,"featured_media":2036,"comment_status":"closed","ping_status":"closed","sticky":false,"template":"","format":"standard","meta":{"footnotes":""},"categories":[3],"tags":[81,75,76],"class_list":["post-273","post","type-post","status-publish","format-standard","has-post-thumbnail","hentry","category-wandern","tag-ammergebirge","tag-brigitte","tag-helmut"],"_links":{"self":[{"href":"https:\/\/www.muehles.de\/index.php?rest_route=\/wp\/v2\/posts\/273","targetHints":{"allow":["GET"]}}],"collection":[{"href":"https:\/\/www.muehles.de\/index.php?rest_route=\/wp\/v2\/posts"}],"about":[{"href":"https:\/\/www.muehles.de\/index.php?rest_route=\/wp\/v2\/types\/post"}],"author":[{"embeddable":true,"href":"https:\/\/www.muehles.de\/index.php?rest_route=\/wp\/v2\/users\/1"}],"replies":[{"embeddable":true,"href":"https:\/\/www.muehles.de\/index.php?rest_route=%2Fwp%2Fv2%2Fcomments&post=273"}],"version-history":[{"count":41,"href":"https:\/\/www.muehles.de\/index.php?rest_route=\/wp\/v2\/posts\/273\/revisions"}],"predecessor-version":[{"id":1036,"href":"https:\/\/www.muehles.de\/index.php?rest_route=\/wp\/v2\/posts\/273\/revisions\/1036"}],"wp:featuredmedia":[{"embeddable":true,"href":"https:\/\/www.muehles.de\/index.php?rest_route=\/wp\/v2\/media\/2036"}],"wp:attachment":[{"href":"https:\/\/www.muehles.de\/index.php?rest_route=%2Fwp%2Fv2%2Fmedia&parent=273"}],"wp:term":[{"taxonomy":"category","embeddable":true,"href":"https:\/\/www.muehles.de\/index.php?rest_route=%2Fwp%2Fv2%2Fcategories&post=273"},{"taxonomy":"post_tag","embeddable":true,"href":"https:\/\/www.muehles.de\/index.php?rest_route=%2Fwp%2Fv2%2Ftags&post=273"}],"curies":[{"name":"wp","href":"https:\/\/api.w.org\/{rel}","templated":true}]}}