{"id":29,"date":"2014-06-01T16:46:52","date_gmt":"2014-06-01T14:46:52","guid":{"rendered":"http:\/\/allgaeu.muehles.de\/?p=29"},"modified":"2019-06-29T20:23:20","modified_gmt":"2019-06-29T18:23:20","slug":"kunsthandwerkmarkt-in-petersthal","status":"publish","type":"post","link":"https:\/\/www.muehles.de\/?p=29","title":{"rendered":"Kunsthandwerkermarkt in Petersthal"},"content":{"rendered":"<strong>Radltour am 01.06.2014 zum Kunsthandwerkermarkt in Petersthal am Rottachspeicher<\/strong>\r\n<p style=\"text-align: justify;\">In Pfronten hatten wir vom Kunsthandwerkermarkt am Rottachspeicher erfahren. Da es nicht so weit weg ist, beschlossen wir unsere Radltour dorthin zu unternehmen. Auf den Weg dorthin mussten wir eine kleinen Umweg nehmen, damit die M\u00e4dels ihre Gassirunde machen konnten.<br \/>\r\nZuerst mussten wir uns eine Alternative zur Durchfahrt durch Nesselwang suchen. N\u00f6rdlich von Nesselwang schien es zu klappen. Leider spielte uns das Wertachtal einen Streich, erst ging es 80 m runter und dann nat\u00fcrlich wieder rauf, trotz unseres Fanklubs mussten wir die R\u00e4der schieben.<br \/>\r\nAber das Wertachtal an sich war sehr idyllisch und von unten erschien die Autobahnbr\u00fccke noch gewaltiger.<br \/>\r\nF\u00fcr den R\u00fcckweg wollten wir einen anderen Weg suchen. Dann ging es \u00fcber stetig ansteigendes Gel\u00e4nde \u00fcber Oy nach Petersthal. Bei Haag hatten wir mit 1002 m unseren h\u00f6chsten Punkt erreicht. Wir hatten hier auch einen \u00fcberw\u00e4ltigenden Ausblick auf den Rottachspeicher. Die letzten 5 km ging es nur noch bergab, da freuten wir uns schon auf den R\u00fcckweg.\r\nAn der Badestelle war der angek\u00fcndigte Markt, dieser war sehr beschaulich, aber es gab trotzdem ein paar sch\u00f6ne St\u00e4nde. Da wir mit dem Fahhrrad da waren, konnten wir leider nichts kaufen.<br \/>\r\nDer Badekiosk war trotzdem dem Ansturm nicht gewachsen, es dauerte etwas l\u00e4nger sich mit Essen und Trinken zu versorgen. Unsere Gro\u00dfe hat es mal wieder geschafft, dass wir auffielen.\r\nBeim Warten auf das Essen meinte sie, ich mache so lange Krawall bis der Korb runterf\u00e4llt und dann gehe ich mit dem Korb an der Leine auf der Wiese spazieren. Vielleicht sollten wir doch ein Fuhrunternehmen er\u00f6ffnen, ein Zugpferd h\u00e4tten wir ja schon.<br \/>\r\nBeim R\u00fcckweg mussten wir die 150 m H\u00f6henunterschied nach Haag \u00fcberwinden, das Ehepaar mit den E-Bikes hatte es deutlich einfacher. Aber irgendwann hat jede Qual ihr Ende, jetzt ging es wellig zur\u00fcck. Diesmal versuchten wir es doch mit dem direkten Weg durch Nesselwang.\r\n\u00dcber die neue Wertach-Br\u00fccke zwischen Oy und Nesselwang ging es auch sehr fix, nur in Nesselwang selber ist die Ausschilderung f\u00fcr Fahrradfahrer nach Pfronten nicht sehr eindeutig. Jetzt hatten wir nur noch den letzten Anstieg von Pfronten nach F\u00fcssen vor uns.\r\nZum Schluss durften die M\u00e4dels ihrem Elan noch einmal freien Lauf lassen. Zu Hause hatten wir den Eindruck, dass die M\u00e4dels auch die ganze Tour gestrampelt sind, mitfahren ist eben auch nicht einfach.<br \/>\r\nEs lohnt sich den Rottachspeicher noch einmal n\u00e4her zu erkunden, vielleicht k\u00f6nnen wir mit den M\u00e4dels mal drum rum laufen.<\/p>\r\n<div id=\"accordion-1\" class=\"accordion no-js\">\r\n\n\t\t\t\t\t<h3 role=\"button\" id=\"accordion-1-t1\" class=\"accordion-title js-accordion-controller\" aria-controls=\"accordion-1-c1\" aria-expanded=\"false\" tabindex=\"0\">\n\t\t\t\tInformation\t\t\t<\/h3>\n\t\t\n\t\t<div id=\"accordion-1-c1\" class=\"accordion-content\" aria-hidden=\"true\">\n\t\t\t\r\n<div align=\"center\" style=\"display:block;clear:both;margin:0;padding:0;\">\n   <table style=\"margin:0;table-layout:fixed;\" width=\"100%\" border=\"0\" cellspacing=\"0\" cellpadding=\"0\">\n     <tr valign=\"top\">\n       \n       <td width=\"40%\" align=\"left\" valign=\"top\" style=\"\"><div align=\"left\"  style=\"margin:0;padding:0;;\"><div class=\"jbox platinum\" style=\"border-width:5px;-moz-border-radius: 35px;-webkit-border-radius: 35px;-khtml-border-radius: 35px;border-radius: 35px;-webkit-box-shadow: 9px 9px 11px rgba(0,0,0,.15);-moz-box-shadow: 9px 9px 11px rgba(0,0,0,.15);box-shadow: 9px 9px 11px rgba(0,0,0,.15);\">  <div  class=\"jbox-title platinum\">Streckeninfo<\/div><div  class=\"jbox-content\"><small><strong>Wetter<\/strong> sonnig, leicht bew\u00f6lkt, trocken ca. 16 Grad<br \/>\r\n<strong>Anstieg<\/strong> 706 m<br \/>\r\n<strong>Strecke<\/strong> 60,1 km<br \/>\r\n<strong>Zeit<\/strong> 5:10 h<\/small><\/div><\/div><\/div><\/td><td width=\"6\" style=\"margin:0;padding:0;\"><\/td><td width=\"6\" style=\"margin:0;padding:0;\"><\/td><td width=\"60%\" align=\"left\" valign=\"top\" style=\"\"><div align=\"left\"  style=\"margin:0;padding:0;;\"><div class=\"jbox blue\" style=\"border-width:5px;-moz-border-radius: 35px;-webkit-border-radius: 35px;-khtml-border-radius: 35px;border-radius: 35px;-webkit-box-shadow: 9px 9px 11px rgba(0,0,0,.15);-moz-box-shadow: 9px 9px 11px rgba(0,0,0,.15);box-shadow: 9px 9px 11px rgba(0,0,0,.15);\">  <div  class=\"jbox-title blue\">Wegpunkte<\/div><div  class=\"jbox-content\"><small><strong>Oberkirch<\/strong> 10:25 Uhr 805 m<br \/>\r\n<strong>Hopferwald<\/strong> 10:40 &#8211; 11:00 Uhr 796 m, km 6,5<br \/>\r\n<strong>Petersthal<\/strong> 13:50 &#8211; 14:50 Uhr 850 m, km 34,7<br \/>\r\n<strong>Oberkirch<\/strong> 16:55 Uhr 805 m, km 60,1<\/small><\/div><\/div><\/div><\/td>\n       \n     <\/tr>\n   <\/table>\n<\/div>\r\n<center><iframe loading=\"lazy\" src=\"https:\/\/www.muehles.de\/gpx\/geoWP.php5?h=10&#038;f=2014-06-01\" name=\"H\u00f6henberechnung\" width=\"100%\" height=\"300\"><\/iframe><\/center>\r\n\t\t<\/div>\n\n\t\t\r\n\n\t\t\t\t\t<h3 role=\"button\" id=\"accordion-1-t2\" class=\"accordion-title js-accordion-controller\" aria-controls=\"accordion-1-c2\" aria-expanded=\"false\" tabindex=\"0\">\n\t\t\t\tTrack mit H\u00f6henverlauf\t\t\t<\/h3>\n\t\t\n\t\t<div id=\"accordion-1-c2\" class=\"accordion-content\" aria-hidden=\"true\">\n\t\t\t\r\n<iframe loading=\"lazy\" src=\"https:\/\/www.muehles.de\/gpx\/JB.html?gpx=2014-06-01&#038;typ=OSM\" name=\"Tourenanzeige\" width=\"100%\" height=\"800\"><\/iframe>\r\n\t\t<\/div>\n\n\t\t\r\n<\/div>\r\n","protected":false},"excerpt":{"rendered":"<strong>Radltour am 01.06.2014 zum Kunsthandwerkermarkt in Petersthal am Rottachspeicher<\/strong>\r\n\r\nIn Pfronten hatten wir vom Kunsthandwerkermarkt am Rottachspeicher erfahren.\r\n","protected":false},"author":1,"featured_media":0,"comment_status":"closed","ping_status":"closed","sticky":false,"template":"","format":"standard","meta":{"footnotes":""},"categories":[19],"tags":[20,82],"class_list":["post-29","post","type-post","status-publish","format-standard","hentry","category-radeln","tag-maedels","tag-voralpen"],"_links":{"self":[{"href":"https:\/\/www.muehles.de\/index.php?rest_route=\/wp\/v2\/posts\/29","targetHints":{"allow":["GET"]}}],"collection":[{"href":"https:\/\/www.muehles.de\/index.php?rest_route=\/wp\/v2\/posts"}],"about":[{"href":"https:\/\/www.muehles.de\/index.php?rest_route=\/wp\/v2\/types\/post"}],"author":[{"embeddable":true,"href":"https:\/\/www.muehles.de\/index.php?rest_route=\/wp\/v2\/users\/1"}],"replies":[{"embeddable":true,"href":"https:\/\/www.muehles.de\/index.php?rest_route=%2Fwp%2Fv2%2Fcomments&post=29"}],"version-history":[{"count":24,"href":"https:\/\/www.muehles.de\/index.php?rest_route=\/wp\/v2\/posts\/29\/revisions"}],"predecessor-version":[{"id":1089,"href":"https:\/\/www.muehles.de\/index.php?rest_route=\/wp\/v2\/posts\/29\/revisions\/1089"}],"wp:attachment":[{"href":"https:\/\/www.muehles.de\/index.php?rest_route=%2Fwp%2Fv2%2Fmedia&parent=29"}],"wp:term":[{"taxonomy":"category","embeddable":true,"href":"https:\/\/www.muehles.de\/index.php?rest_route=%2Fwp%2Fv2%2Fcategories&post=29"},{"taxonomy":"post_tag","embeddable":true,"href":"https:\/\/www.muehles.de\/index.php?rest_route=%2Fwp%2Fv2%2Ftags&post=29"}],"curies":[{"name":"wp","href":"https:\/\/api.w.org\/{rel}","templated":true}]}}