{"id":306,"date":"2014-07-07T16:47:06","date_gmt":"2014-07-07T14:47:06","guid":{"rendered":"http:\/\/allgaeu.muehles.de\/?p=306"},"modified":"2019-07-14T13:13:26","modified_gmt":"2019-07-14T11:13:26","slug":"kaesspatzen-essen-auf-der-vilser-alm","status":"publish","type":"post","link":"https:\/\/www.muehles.de\/?p=306","title":{"rendered":"K\u00e4sspatzen-Essen auf der Vilser Alm"},"content":{"rendered":"<strong>Wanderung am 07.07.2014 von Vils zur Vilser Alm <\/strong>\r\n<p style=\"text-align: justify;\">Da f\u00fcr heute nachmittag ergiebiger Regen vorausgesagt wurde, haben wir uns eine kleine Tour ausgesucht, unter Insidern wird es auch <em>m\u00fchles light<\/em> genannt, auch diesmal sollte es sich wieder bewahrheiten, klein anfangen und gr\u00f6\u00dfer enden.\r\nWir wollten uns die guten K\u00e4sspatzen auf der Vilser Alm verdienen.<br \/>\r\nDie Vilser Alm geh\u00f6rt zu unseren Lieblingsh\u00fctten, wir sind zu fast jeder Jahreszeit dort, manchmal als Ziel, manchmal auch als Durchgangsstation von und zum Vilser J\u00f6chl.\r\nWie gesagt mit kleinem Gep\u00e4ck, fast nur Regensachen, ging es vom Parkplatz Vilser Alm los. Im Gegensatz zu sonst war die Parkplatzsuche einfach, am Wochenende oder in den Ferien ist der Parkplatz bis 10:00 Uhr voll.<br \/>\r\nIm gem\u00fctlichen Tempo ging es den steilen Forstweg hoch, wir kamen wieder in die \u00dcberlegung es doch einmal mit dem Fahrrad zu versuchen, aber f\u00fcr 180 H\u00f6henmeter auf 1,4 km im ersten Teil muss die Fitness stimmen.<br \/>\r\nDer Weg f\u00fchrt durch den Wald und \u00fcber einen Bachlauf zu anfang etwas steiler, sp\u00e4ter angenehmer hoch. Im Winter kommen uns hier die Rodler oder Ski-Toureng\u00e4nger entgegen.\r\nDer Biergarten war doch zu einem Drittel gef\u00fcllt, vier R\u00e4der standen am Zaun. Wir haben uns einen \u00fcberdachten Tisch im Eck gesucht. F\u00fcr uns beide reichte eine Portion K\u00e4sspatzen, dazu gab es den obligatorischen Marillenschnaps.<br \/>\r\nNachdem wir gem\u00fctlich gegessen und die Aussicht auf die Bergwelt zwischen Vilser Scharte und Gro\u00dfer Schlicke genossen hatten, kamen wir auf die Idee doch etwas weiter zu laufen. Zu Anfang noch mit dem Hintergedanken auf dem R\u00fcckweg noch einmal einzukehren und auch den Nachtisch zu genie\u00dfen, sp\u00e4ter beschlossen wir doch anders nach Vils zur\u00fcckzulaufen.\r\nDas Wetter schien doch auf unserer Seite zu sein, wir wollten schon wetten, wann wir nass werden.<br \/>\r\nEin knackiger Pfad f\u00fchrt zum Hundsarschjoch hoch, knapp 380 H\u00f6henmeter auf ca. einem Kilometer. Aber wir kannten die Strecke von 2012, da liefen wir in die anderer Richtung und bestiegen auch den Vilser Kegel, die Sicht war damals gleich Null. \u00c4hnliches bef\u00fcrchteten wir auch f\u00fcr heute, au\u00dferdem meldete sich schon die Wolkenfront von S\u00fcdwesten.<br \/>\r\nKurz vor dem Hundsarschjoch beschlossen wir das trockene Wetter zu nutzen und \u00fcber die Konradsh\u00fctte runter zu laufen, ca 1,5 km mehr. Das war es also mit dem Nachtisch, Trinkpause konnten wir auch vergessen, da wir ja nur mit kleinem Gep\u00e4ck unterwegs waren. Also ging es los mit dem Wettlauf gegen den Regen.<br \/>\r\nZu Anfang geht es noch relativ locker \u00fcber eine Wiese runter, aber der Haupteil f\u00fchrte in der N\u00e4he eines Bachlauf \u00fcber einen Felspfad knackig nach unten; da es noch trocken war, gab es keine Probleme. Wir mussten an den damaligen Aufstieg denken und waren froh, das es bergab ging.<br \/>\r\nBei dem Skilift m\u00fcndet der Weg auf eine breite Forststra\u00dfe, der Regen konnte kommen, den anspruchvollsten Teil hatten wir hinter uns. Jetzt war der Weg nur noch lang. Am Ortsrand von Vils f\u00fchrte eine Abk\u00fcrzung zur\u00fcck zu unserem Auto, ca. 300 Meter vor dem Ziel wurden die Regentropfen gr\u00f6\u00dfer, aber wir kamen noch relativ trocken an. War nat\u00fcrlich klar, bergab sind wir vor dem Regen gelaufen und in Vils dann quer zum Wetter.<br \/>\r\nAuf dem R\u00fcckweg nach Deutschland wurde das Wetter wieder freundlicher, der Regen hielt sich nur in den Bergen auf. Das haben wir unterwegs gut beobachten k\u00f6nnen, da die meisten Gipfel in den Wolken verschwanden.<\/p>\r\n<div id=\"accordion-1\" class=\"accordion no-js\">\r\n\n\t\t\t\t\t<h3 role=\"button\" id=\"accordion-1-t1\" class=\"accordion-title js-accordion-controller\" aria-controls=\"accordion-1-c1\" aria-expanded=\"false\" tabindex=\"0\">\n\t\t\t\tInformation\t\t\t<\/h3>\n\t\t\n\t\t<div id=\"accordion-1-c1\" class=\"accordion-content\" aria-hidden=\"true\">\n\t\t\t\r\n<div align=\"center\" style=\"display:block;clear:both;margin:0;padding:0;\">\n   <table style=\"margin:0;table-layout:fixed;\" width=\"100%\" border=\"0\" cellspacing=\"0\" cellpadding=\"0\">\n     <tr valign=\"top\">\n       \n       <td width=\"40%\" align=\"left\" valign=\"top\" style=\"\"><div align=\"left\"  style=\"margin:0;padding:0;;\"><div class=\"jbox platinum\" style=\"border-width:5px;-moz-border-radius: 35px;-webkit-border-radius: 35px;-khtml-border-radius: 35px;border-radius: 35px;-webkit-box-shadow: 9px 9px 11px rgba(0,0,0,.15);-moz-box-shadow: 9px 9px 11px rgba(0,0,0,.15);box-shadow: 9px 9px 11px rgba(0,0,0,.15);\">  <div  class=\"jbox-title platinum\">Streckeninfo<\/div><div  class=\"jbox-content\"><small><strong>Wetter<\/strong> wolkig, ca. 19 Grad<br \/>\r\n<strong>Anstieg<\/strong> 772 m<br \/>\r\n<strong>Strecke<\/strong> 10,3 km<br \/>\r\n<strong>Zeit<\/strong> 3:00 h<\/small><\/div><\/div><\/div><\/td><td width=\"6\" style=\"margin:0;padding:0;\"><\/td><td width=\"6\" style=\"margin:0;padding:0;\"><\/td><td width=\"60%\" align=\"left\" valign=\"top\" style=\"\"><div align=\"left\"  style=\"margin:0;padding:0;;\"><div class=\"jbox blue\" style=\"border-width:5px;-moz-border-radius: 35px;-webkit-border-radius: 35px;-khtml-border-radius: 35px;border-radius: 35px;-webkit-box-shadow: 9px 9px 11px rgba(0,0,0,.15);-moz-box-shadow: 9px 9px 11px rgba(0,0,0,.15);box-shadow: 9px 9px 11px rgba(0,0,0,.15);\">  <div  class=\"jbox-title blue\">Wegpunkte<\/div><div  class=\"jbox-content\"><small><strong>Vils <\/strong> 11:15 Uhr 880 m<br \/>\r\n<strong>Vilser Alm <\/strong> 12:00 &#8211; 13:00 Uhr 1240 m, km 3,2<br \/>\r\n<strong>Hundsarschjoch <\/strong> 13:45 Uhr 1605 m, km 4,5<br \/>\r\n<strong>Vils <\/strong> 15:15 Uhr 880 m, km 10,3<\/small><\/div><\/div><\/div><\/td>\n       \n     <\/tr>\n   <\/table>\n<\/div>\r\n<center><iframe loading=\"lazy\" src=\"https:\/\/www.muehles.de\/gpx\/geoWP.php5?h=10&#038;f=2014-07-07\" name=\"H\u00f6henberechnung\" width=\"100%\" height=\"300\"><\/iframe><\/center>\r\n\t\t<\/div>\n\n\t\t\r\n\n\t\t\t\t\t<h3 role=\"button\" id=\"accordion-1-t2\" class=\"accordion-title js-accordion-controller\" aria-controls=\"accordion-1-c2\" aria-expanded=\"false\" tabindex=\"0\">\n\t\t\t\tTrack mit H\u00f6henverlauf\t\t\t<\/h3>\n\t\t\n\t\t<div id=\"accordion-1-c2\" class=\"accordion-content\" aria-hidden=\"true\">\n\t\t\t\r\n<iframe loading=\"lazy\" src=\"https:\/\/www.muehles.de\/gpx\/JB.html?gpx=2014-07-07&#038;typ=OPENTOPO\" name=\"Tourenanzeige\" width=\"100%\" height=\"800\"><\/iframe>\r\n\t\t<\/div>\n\n\t\t\r\n\n\t\t\t\t\t<h3 role=\"button\" id=\"accordion-1-t3\" class=\"accordion-title js-accordion-controller\" aria-controls=\"accordion-1-c3\" aria-expanded=\"false\" tabindex=\"0\">\n\t\t\t\tGalerie\t\t\t<\/h3>\n\t\t\n\t\t<div id=\"accordion-1-c3\" class=\"accordion-content\" aria-hidden=\"true\">\n\t\t\t\r\n<center><div class='fotorama--wp' data-ids='2436,2437,2438,2439,2440'data-nav='thumbs'data-height='300'data-allowfullscreen='true'data-link='file'data-itemtag='dl'data-icontag='dt'data-captiontag='dd'data-columns='0'data-size='large'data-width='1024'data-auto='false'data-max-width='100%'data-ratio='6.0952380952381'><div id='gallery-1' class='gallery galleryid-306 gallery-columns-0 gallery-size-thumbnail'><dl class='gallery-item'>\n\t\t\t<dt class='gallery-icon landscape'>\n\t\t\t\t<a href='https:\/\/www.muehles.de\/wp-content\/uploads\/2015\/01\/20140707_P_II-1024x168.jpg' data-full='https:\/\/www.muehles.de\/wp-content\/uploads\/2015\/01\/20140707_P_II.jpg'><img loading=\"lazy\" decoding=\"async\" width=\"150\" height=\"150\" src=\"https:\/\/www.muehles.de\/wp-content\/uploads\/2015\/01\/20140707_P_II-150x150.jpg\" class=\"attachment-thumbnail size-thumbnail\" alt=\"\" \/><\/a>\n\t\t\t<\/dt><\/dl><dl class='gallery-item'>\n\t\t\t<dt class='gallery-icon landscape'>\n\t\t\t\t<a href='https:\/\/www.muehles.de\/wp-content\/uploads\/2015\/01\/20140707_P1050179.jpg' data-full='https:\/\/www.muehles.de\/wp-content\/uploads\/2015\/01\/20140707_P1050179.jpg'><img loading=\"lazy\" decoding=\"async\" width=\"150\" height=\"150\" src=\"https:\/\/www.muehles.de\/wp-content\/uploads\/2015\/01\/20140707_P1050179-150x150.jpg\" class=\"attachment-thumbnail size-thumbnail\" alt=\"\" \/><\/a>\n\t\t\t<\/dt><\/dl><dl class='gallery-item'>\n\t\t\t<dt class='gallery-icon landscape'>\n\t\t\t\t<a href='https:\/\/www.muehles.de\/wp-content\/uploads\/2015\/01\/20140707_P1050201.jpg' data-full='https:\/\/www.muehles.de\/wp-content\/uploads\/2015\/01\/20140707_P1050201.jpg'><img loading=\"lazy\" decoding=\"async\" width=\"150\" height=\"150\" src=\"https:\/\/www.muehles.de\/wp-content\/uploads\/2015\/01\/20140707_P1050201-150x150.jpg\" class=\"attachment-thumbnail size-thumbnail\" alt=\"\" \/><\/a>\n\t\t\t<\/dt><\/dl><dl class='gallery-item'>\n\t\t\t<dt class='gallery-icon portrait'>\n\t\t\t\t<a href='https:\/\/www.muehles.de\/wp-content\/uploads\/2015\/01\/20140707_P1050202.jpg' data-full='https:\/\/www.muehles.de\/wp-content\/uploads\/2015\/01\/20140707_P1050202.jpg'><img loading=\"lazy\" decoding=\"async\" width=\"150\" height=\"150\" src=\"https:\/\/www.muehles.de\/wp-content\/uploads\/2015\/01\/20140707_P1050202-150x150.jpg\" class=\"attachment-thumbnail size-thumbnail\" alt=\"\" \/><\/a>\n\t\t\t<\/dt><\/dl><dl class='gallery-item'>\n\t\t\t<dt class='gallery-icon landscape'>\n\t\t\t\t<a href='https:\/\/www.muehles.de\/wp-content\/uploads\/2015\/01\/20140707_P1050204.jpg' data-full='https:\/\/www.muehles.de\/wp-content\/uploads\/2015\/01\/20140707_P1050204.jpg'><img loading=\"lazy\" decoding=\"async\" width=\"150\" height=\"150\" src=\"https:\/\/www.muehles.de\/wp-content\/uploads\/2015\/01\/20140707_P1050204-150x150.jpg\" class=\"attachment-thumbnail size-thumbnail\" alt=\"\" \/><\/a>\n\t\t\t<\/dt><\/dl>\n\t\t<\/div>\n<\/div><\/center>\r\n\t\t<\/div>\n\n\t\t\r\n<\/div>\r\n","protected":false},"excerpt":{"rendered":"<strong>Wanderung am 07.07.2014 von Vils zur Vilser Alm <\/strong>\r\n\r\nDa f\u00fcr heute nachmittag ergiebiger Regen vorausgesagt wurde, haben wir uns eine kleine Tour ausgesucht, unter Insidern wird es auch <em>m\u00fchles light<\/em>  genannt, auch diesmal sollte es sich wieder bewahrheiten, klein anfangen und gr\u00f6\u00dfer enden.","protected":false},"author":1,"featured_media":2437,"comment_status":"closed","ping_status":"closed","sticky":false,"template":"","format":"standard","meta":{"footnotes":""},"categories":[3],"tags":[],"class_list":["post-306","post","type-post","status-publish","format-standard","has-post-thumbnail","hentry","category-wandern"],"_links":{"self":[{"href":"https:\/\/www.muehles.de\/index.php?rest_route=\/wp\/v2\/posts\/306","targetHints":{"allow":["GET"]}}],"collection":[{"href":"https:\/\/www.muehles.de\/index.php?rest_route=\/wp\/v2\/posts"}],"about":[{"href":"https:\/\/www.muehles.de\/index.php?rest_route=\/wp\/v2\/types\/post"}],"author":[{"embeddable":true,"href":"https:\/\/www.muehles.de\/index.php?rest_route=\/wp\/v2\/users\/1"}],"replies":[{"embeddable":true,"href":"https:\/\/www.muehles.de\/index.php?rest_route=%2Fwp%2Fv2%2Fcomments&post=306"}],"version-history":[{"count":46,"href":"https:\/\/www.muehles.de\/index.php?rest_route=\/wp\/v2\/posts\/306\/revisions"}],"predecessor-version":[{"id":566,"href":"https:\/\/www.muehles.de\/index.php?rest_route=\/wp\/v2\/posts\/306\/revisions\/566"}],"wp:featuredmedia":[{"embeddable":true,"href":"https:\/\/www.muehles.de\/index.php?rest_route=\/wp\/v2\/media\/2437"}],"wp:attachment":[{"href":"https:\/\/www.muehles.de\/index.php?rest_route=%2Fwp%2Fv2%2Fmedia&parent=306"}],"wp:term":[{"taxonomy":"category","embeddable":true,"href":"https:\/\/www.muehles.de\/index.php?rest_route=%2Fwp%2Fv2%2Fcategories&post=306"},{"taxonomy":"post_tag","embeddable":true,"href":"https:\/\/www.muehles.de\/index.php?rest_route=%2Fwp%2Fv2%2Ftags&post=306"}],"curies":[{"name":"wp","href":"https:\/\/api.w.org\/{rel}","templated":true}]}}