{"id":322,"date":"2014-07-09T22:35:26","date_gmt":"2014-07-09T20:35:26","guid":{"rendered":"http:\/\/allgaeu.muehles.de\/?p=322"},"modified":"2015-01-11T12:21:33","modified_gmt":"2015-01-11T11:21:33","slug":"romantische-abendfahrt-auf-dem-forggensee","status":"publish","type":"post","link":"https:\/\/www.muehles.de\/?p=322","title":{"rendered":"Romantische Abendfahrt auf dem Forggensee"},"content":{"rendered":"<strong>Schifffahrt am 09.07.2014 auf dem Forggensee <\/strong>\r\nWetter bew\u00f6lkt, regnerisch ca. 14 Grad\r\n<p style=\"text-align: justify;\">Zum Abschlu\u00df des Urlaubs nahmen wir an der K\u00f6nig Ludwig Abendfahrt auf dem Forggensee teil. Der Regen hatte zwar teilweise nachgelassen, aber es tr\u00f6pfelte immer noch. Auf dem Schiff war es uns egal und die aufsteigenden Nebelb\u00e4nke in den Bergen hatten etwas mystisches.\r\nVor der Abfahrt konnten wir einer Entenfamilie bei der Suche nach etwas Essbaren beobachten, drei kleine K\u00fcken waren auch dabei. Kurz vor Abfahrt brachte die Entenmutter die K\u00fcken heim auf die Insel, auch bei den Enten m\u00fcssen die kleinen fr\u00fcher schlafen gehen.\r\nDas Schiff war nur m\u00e4\u00dfig besetzt, deshalb konnten wir uns auch einen sch\u00f6nen Ausblick am Bug des Schiffes sichern.<\/p>\r\n<figure id=\"attachment_2043\" aria-describedby=\"caption-attachment-2043\" style=\"width: 300px\" class=\"wp-caption aligncenter\"><a href=\"https:\/\/www.muehles.de\/?attachment_id=2043\" rel=\"attachment wp-att-2043\"><img loading=\"lazy\" decoding=\"async\" src=\"https:\/\/www.muehles.de\/wp-content\/uploads\/2014\/11\/20140709-DSC_1878-300x200.jpg\" alt=\"abendliche Stimmung mit Schiff\" width=\"300\" height=\"200\" class=\"size-medium wp-image-2043\" srcset=\"https:\/\/www.muehles.de\/wp-content\/uploads\/2014\/11\/20140709-DSC_1878-300x200.jpg 300w, https:\/\/www.muehles.de\/wp-content\/uploads\/2014\/11\/20140709-DSC_1878.jpg 999w\" sizes=\"auto, (max-width: 300px) 100vw, 300px\" \/><\/a><figcaption id=\"caption-attachment-2043\" class=\"wp-caption-text\">abendliche Stimmung mit Schiff<\/figcaption><\/figure>\r\n<p style=\"text-align: justify;\">Thema des Abends waren die bayrischen K\u00f6nige im 19. Jahrhundert, der Sprecher erkl\u00e4rte sehr sachkundig die Geschichte der K\u00f6nigsschl\u00f6sser. Es fiel auf, dass die Allg\u00e4uer ihren &#8222;Kini&#8220; verehren &#8211; wahrscheinlich hat hier jede alteingesessene Familie einen Verwandten, der am Bau der Schl\u00f6sser mitgemacht hat, auch an seinem Tod durch Ertrinken wird gezweifelt. Es lohnt sich doch noch einmal, sich mit der Lebensgeschichte von Ludwig II zu besch\u00e4ftigen. Da der Forggensee jetzt seit 60 Jahren existiert, w\u00e4re es interessant, wie Ludwig und sein Vater den Forggensee gesehen h\u00e4tten.<\/p>\r\n<figure id=\"attachment_2441\" aria-describedby=\"caption-attachment-2441\" style=\"width: 300px\" class=\"wp-caption aligncenter\"><a href=\"https:\/\/www.muehles.de\/?attachment_id=2441\" rel=\"attachment wp-att-2441\"><img loading=\"lazy\" decoding=\"async\" src=\"https:\/\/www.muehles.de\/wp-content\/uploads\/2015\/01\/20140709_DSC_1864-300x200.jpg\" alt=\"S\u00e4uling in den Wolken\" width=\"300\" height=\"200\" class=\"size-medium wp-image-2441\" srcset=\"https:\/\/www.muehles.de\/wp-content\/uploads\/2015\/01\/20140709_DSC_1864-300x200.jpg 300w, https:\/\/www.muehles.de\/wp-content\/uploads\/2015\/01\/20140709_DSC_1864.jpg 999w\" sizes=\"auto, (max-width: 300px) 100vw, 300px\" \/><\/a><figcaption id=\"caption-attachment-2441\" class=\"wp-caption-text\">S\u00e4uling in den Wolken<\/figcaption><\/figure>\r\n","protected":false},"excerpt":{"rendered":"<strong>Schifffahrt am 09.07.2014 auf dem Forggensee<\/strong>\r\n\r\nZum Abschlu\u00df des Urlaubs nahmen wir an der K\u00f6nig Ludwig Abendfahrt auf dem Forggensee teil. \r\n","protected":false},"author":1,"featured_media":2043,"comment_status":"closed","ping_status":"closed","sticky":false,"template":"","format":"standard","meta":{"footnotes":""},"categories":[44],"tags":[82],"class_list":["post-322","post","type-post","status-publish","format-standard","has-post-thumbnail","hentry","category-events","tag-voralpen"],"_links":{"self":[{"href":"https:\/\/www.muehles.de\/index.php?rest_route=\/wp\/v2\/posts\/322","targetHints":{"allow":["GET"]}}],"collection":[{"href":"https:\/\/www.muehles.de\/index.php?rest_route=\/wp\/v2\/posts"}],"about":[{"href":"https:\/\/www.muehles.de\/index.php?rest_route=\/wp\/v2\/types\/post"}],"author":[{"embeddable":true,"href":"https:\/\/www.muehles.de\/index.php?rest_route=\/wp\/v2\/users\/1"}],"replies":[{"embeddable":true,"href":"https:\/\/www.muehles.de\/index.php?rest_route=%2Fwp%2Fv2%2Fcomments&post=322"}],"version-history":[{"count":18,"href":"https:\/\/www.muehles.de\/index.php?rest_route=\/wp\/v2\/posts\/322\/revisions"}],"predecessor-version":[{"id":2045,"href":"https:\/\/www.muehles.de\/index.php?rest_route=\/wp\/v2\/posts\/322\/revisions\/2045"}],"wp:featuredmedia":[{"embeddable":true,"href":"https:\/\/www.muehles.de\/index.php?rest_route=\/wp\/v2\/media\/2043"}],"wp:attachment":[{"href":"https:\/\/www.muehles.de\/index.php?rest_route=%2Fwp%2Fv2%2Fmedia&parent=322"}],"wp:term":[{"taxonomy":"category","embeddable":true,"href":"https:\/\/www.muehles.de\/index.php?rest_route=%2Fwp%2Fv2%2Fcategories&post=322"},{"taxonomy":"post_tag","embeddable":true,"href":"https:\/\/www.muehles.de\/index.php?rest_route=%2Fwp%2Fv2%2Ftags&post=322"}],"curies":[{"name":"wp","href":"https:\/\/api.w.org\/{rel}","templated":true}]}}