{"id":35,"date":"2014-06-07T17:26:54","date_gmt":"2014-06-07T15:26:54","guid":{"rendered":"http:\/\/allgaeu.muehles.de\/?p=35"},"modified":"2019-07-14T13:17:19","modified_gmt":"2019-07-14T11:17:19","slug":"grenzerfahrung-auf-der-seenrunde","status":"publish","type":"post","link":"https:\/\/www.muehles.de\/?p=35","title":{"rendered":"Seenrunde (Vilsalpsee &#8211; Schrecksee &#8211; Lachensee &#8211; Traualpsee &#8211; Vilsalpsee)"},"content":{"rendered":"<strong>Rundwanderung am 07.06.2014 vom Vilsalpsee \u00fcber Schrecksee und Landsberger H\u00fctte<\/strong>\r\n<p style=\"text-align: justify;\">Heute haben wir eine Wanderung zum Schrecksee geplant, dazu gab es zwei Alternativen entweder von Hinterstein aus oder von Tannheim. Wir haben uns f\u00fcr den Aufstieg vom Vilsalpsee entschieden und planten dann eine Rundtour \u00fcber die Landsberger H\u00fctte zur\u00fcck.<br \/>\r\nZum Vilsalpsee darf man bis 10:00 Uhr mit dem Auto fahren, die Parkgeb\u00fchren betrugen 6,80 \u20ac.\r\n7:50 Uhr haben wir die Tour vom Parkplatz gestartet, zum Einlaufen ging es knapp 2 km am See entlang, dann ging es entlang des Zuflusses bergauf Richtung Gaishorn bzw. Rauhhorn. Irgendwie waren wir heute nicht in Form, der Aufstieg war anstrengender als gewohnt. Die Sonnenstrahlen im R\u00fccken unterst\u00fctzten den schwei\u00dftreibenden Aufstieg. Daf\u00fcr durften wir zweimal den Bach durchqueren, h\u00e4tten also Chancen zum Abk\u00fchlen gehabt. Unterwegs wurden wir von einer Wanderin mit zwei Hunden \u00fcberholt, welche in der Schafherde oberhalb des Wasserfalls f\u00fcr Unruhe sorgten.<br \/>\r\nNat\u00fcrlich haben wir die Abk\u00fcrzung unterhalb des Rauhhorns verpasst, der Abzweig war nicht beschildert und auf die Karte haben wir nicht geschaut. So hatten wir ca. 100 H\u00f6henmeter und ca. eine halbe Stunde zus\u00e4tzlich, daf\u00fcr ging es jetzt endlich etwas leichter, wahrscheinlich lag es daran, dass wir unser Fr\u00fchst\u00fcck nachgeholt hatten und gest\u00e4rkt weiterliefen.<br \/>\r\nZu Trinken hatten wir gen\u00fcgend dabei (aus den Erfahrungen unserer S\u00e4ulingtour vom letzten Jahr bei 35 Grad) &#8211; 7 Liter sollten reichen.<br \/>\r\nAb jetzt war die Beschilderung besser, obwohl wir beim Queren der Schneefelder \u00f6fters vom Weg abweichen mussten, aber davon gab es heute noch gen\u00fcgend Kostproben.<br \/>\r\nAuf dem Jubil\u00e4umsweg ging es zum Joch zwischen Rauh- und Kugelhorn. Die ganze Zeit hatten wir die ca. drei Meter hohe Schneewand am Kamm im Blick, wir hofften, dass der Schnee h\u00e4lt. Zum Schluss endete der Weg genau an der Schneewand und wir kraxelten gewand auf allen Vieren hoch. zum Schluss half uns noch ein Wanderer, der mit Hund vorbeikam &#8211; er ging genau in die andere Richtung, dem Hund war es nicht geheuer die Schneewand runter zu rutschen.<br \/>\r\nJetzt ging es auf deutscher Seite westlich des Kugelhorns zum Schrecksee. Da der Weg durch einige Muren und feuchte, ausgesetzte Stellen alle Konzentration von uns erforderte, waren wir froh oberhalb des Schrecksees anzukommen &#8211; kurzzeitig hatten wir \u00fcberlegt, ob wir \u00fcberhaupt runtergehen. Wir haben den inneren Schweinehund \u00fcberwunden und eine wohlverdiente Pause gemacht. Im Gegensatz zu den Bildern im Internet wirkte der See nicht so imposant, das Wasser war teilweise dreckig und es schwammen noch einige Eisplatten, trotzdem ist die Wirkung mit dem Bergpanorama sehr eindrucksvoll. Die Wanderer, welche von Hinterstein kamen, maulten mehrfach, dass der Weg sehr weit ist. Bei dieser Variante ist die Wegl\u00e4nge die Herausforderung.<br \/>\r\nErholt und gest\u00e4rkt machten wir uns auf den R\u00fcckweg \u00fcber die Landsberger H\u00fctte, da wussten wir noch nicht, dass die gr\u00f6ssten Herausforderungen noch vor uns liegen.<br \/>\r\nVom Kirchendachsattel gibt es zwei M\u00f6glichkeiten, wir wollten die Variante \u00fcber den Saalfelder H\u00f6henweg w\u00e4hlen und folgten der Beschilderung &#8220; Landsberger H\u00fctte&#8220;. Es kamen uns zwei Mountainbiker entgegen, am Ende der Tour haben wir uns gefragt, wo kamen die her und wie haben die es mit dem Mountainbike geschafft, wir fanden es zu Fu\u00df schon grenzwertig \u00fcber die Schneefelder. Die Schneefelder forderten noch mehr Konzentration, da diese steiler und der Schnee immer sulziger wurde. Ein Bergl\u00e4ufer, welcher uns \u00fcberholte, empfahl uns eine andere Variante im Schneefeld zu nehmen. Diese war f\u00fcr die Bew\u00e4ltigung des Schneefeldes von Vorteil, daf\u00fcr waren wir soweit vom Weg abgekommen, dass f\u00fcr uns der weitere Weg nicht mehr erkennbar war. Es gab zwei Alternativen durch Schnee und Fels bergauf in der Hoffnung, auf den Weg zu treffen oder \u00fcber steile, glatte Wiesen bergab zu laufen. Da die erste Variante f\u00fcr uns zu viele Unw\u00e4gbarkeiten hatte, entschlossen wir uns f\u00fcr die Rutschpartie nach unten. Da die Gr\u00e4ser gerade frisch vom Schnee befreit waren, hatten wir gute Chancen auf dem Hintern runter zu kommen.<br \/>\r\nDa wir unser n\u00e4chstes Ziel das Kastenjoch jederzeit gut im Blick hatten, schafften wir es trotzdem auf k\u00fcrzestem Wege hinzukommen. Bei der Kastenalpe gab es ein Paradies f\u00fcr Murmeltiere, geh\u00f6rt hatten wir sie zu gen\u00fcge, jetzt bekamen wir sie auch zu sehen. Von der Alpe stiegen wir ohne Weg bergauf zum Kastenjoch.<br \/>\r\nUrspr\u00fcnglich hatten wir noch den Aufstieg zur Roten Spitze geplant, daf\u00fcr waren wir heute nicht in Form und auch sp\u00e4t dran.<br \/>\r\nJetzt war es ein Klacks bis zur Landsberger H\u00fctte, welche heute den ersten Tag offen hatte.\r\nNachdem wir gekl\u00e4rt hatten, dass der Weg \u00fcber den Traualpsee auf eigenes Risiko begehbar ist, stand auch fest, dass wir 1,5 Stunden fr\u00fcher da sind, als Alternative gab es nur den Weg \u00fcber die Gappenfeldalpe.<br \/>\r\nUnten am See g\u00f6nnten wir uns in der Fischer H\u00fctte eine kleine St\u00e4rkung.<br \/>\r\nEs war eine herrliche Wanderung mit traumhaften Panoramen, aber wir sind nicht jedesmal gleich gut drauf.<br \/>\r\nZum Schluss ging es \u00fcber Gr\u00e4n zur\u00fcck nach Deutschland, auf dem Weg durch das Kuhweidegebiet konnten wir die Unvernunft der Autofahrer beobachten, es ist schon erstaunlich, dass die K\u00fche \u00fcberleben. Mit Gebr\u00fcll und aggressivem Fahren wurden die Kuhe fast von der Strasse geschubst, wegen ein paar Minuten, erstaunlicherweise waren es die Einheimischen und nicht die Urlauber, die es eilig hatten.<\/p>\r\n<div id=\"accordion-1\" class=\"accordion no-js\">\r\n\n\t\t\t\t\t<h3 role=\"button\" id=\"accordion-1-t1\" class=\"accordion-title js-accordion-controller\" aria-controls=\"accordion-1-c1\" aria-expanded=\"false\" tabindex=\"0\">\n\t\t\t\tInformation\t\t\t<\/h3>\n\t\t\n\t\t<div id=\"accordion-1-c1\" class=\"accordion-content\" aria-hidden=\"true\">\n\t\t\t\r\n<div align=\"center\" style=\"display:block;clear:both;margin:0;padding:0;\">\n   <table style=\"margin:0;table-layout:fixed;\" width=\"100%\" border=\"0\" cellspacing=\"0\" cellpadding=\"0\">\n     <tr valign=\"top\">\n       \n       <td width=\"40%\" align=\"left\" valign=\"top\" style=\"\"><div align=\"left\"  style=\"margin:0;padding:0;;\"><div class=\"jbox platinum\" style=\"border-width:5px;-moz-border-radius: 35px;-webkit-border-radius: 35px;-khtml-border-radius: 35px;border-radius: 35px;-webkit-box-shadow: 9px 9px 11px rgba(0,0,0,.15);-moz-box-shadow: 9px 9px 11px rgba(0,0,0,.15);box-shadow: 9px 9px 11px rgba(0,0,0,.15);\">  <div  class=\"jbox-title platinum\">Streckeninfo<\/div><div  class=\"jbox-content\"><small><strong>Wetter<\/strong> hei\u00df, trocken ca. 26 Grad<br \/>\r\n<strong>Anstieg<\/strong> 1384 m<br \/>\r\n<strong>Strecke<\/strong> 17,0 km<br \/>\r\n<strong>Zeit<\/strong> 7:45 h<\/small><\/div><\/div><\/div><\/td><td width=\"6\" style=\"margin:0;padding:0;\"><\/td><td width=\"6\" style=\"margin:0;padding:0;\"><\/td><td width=\"60%\" align=\"left\" valign=\"top\" style=\"\"><div align=\"left\"  style=\"margin:0;padding:0;;\"><div class=\"jbox blue\" style=\"border-width:5px;-moz-border-radius: 35px;-webkit-border-radius: 35px;-khtml-border-radius: 35px;border-radius: 35px;-webkit-box-shadow: 9px 9px 11px rgba(0,0,0,.15);-moz-box-shadow: 9px 9px 11px rgba(0,0,0,.15);box-shadow: 9px 9px 11px rgba(0,0,0,.15);\">  <div  class=\"jbox-title blue\">Wegpunkte<\/div><div  class=\"jbox-content\"><small><strong>Vilsalpsee<\/strong> 7:50 Uhr 1167 m<br \/>\r\n<strong>Hintere Schafswanne<\/strong> 11:35 Uhr 1952 m, km 6,7<br \/>\r\n<strong>Schrecksee<\/strong> 12:25 &#8211; 13:05 Uhr 1819 m, km 8,5<br \/>\r\n<strong>Kirchdachsattel<\/strong> 13:25 Uhr 1915 m, km 8,9<br \/>\r\n<strong>Westliches Lachenjoch<\/strong> 15:10 &#8211; 15:15 Uhr 1961 m, km 11,7<br \/>\r\n<strong>Landsberger H\u00fctte<\/strong> 15:35 &#8211; 16:00 Uhr 1780 m, km 12,8<br \/>\r\n<strong>Traualpsee<\/strong> 16:25 Uhr 1638 m, km 14,0<br \/>\r\n<strong>Vilsalpsee<\/strong> 17:15 Uhr 1167 m, km 17,0<\/small><\/div><\/div><\/div><\/td>\n       \n     <\/tr>\n   <\/table>\n<\/div>\r\n<center><iframe loading=\"lazy\" src=\"https:\/\/www.muehles.de\/gpx\/geoWP.php5?h=15&#038;f=2014-06-07\" name=\"H\u00f6henberechnung\" width=\"100%\" height=\"300\"><\/iframe><\/center>\r\n\t\t<\/div>\n\n\t\t\r\n\n\t\t\t\t\t<h3 role=\"button\" id=\"accordion-1-t2\" class=\"accordion-title js-accordion-controller\" aria-controls=\"accordion-1-c2\" aria-expanded=\"false\" tabindex=\"0\">\n\t\t\t\tTrack mit H\u00f6henverlauf\t\t\t<\/h3>\n\t\t\n\t\t<div id=\"accordion-1-c2\" class=\"accordion-content\" aria-hidden=\"true\">\n\t\t\t\r\n<iframe loading=\"lazy\" src=\"https:\/\/www.muehles.de\/gpx\/JB.html?gpx=2014-06-07&#038;typ=OPENTOPO\" name=\"Tourenanzeige\" width=\"100%\" height=\"800\"><\/iframe>\r\n\t\t<\/div>\n\n\t\t\r\n\n\t\t\t\t\t<h3 role=\"button\" id=\"accordion-1-t3\" class=\"accordion-title js-accordion-controller\" aria-controls=\"accordion-1-c3\" aria-expanded=\"false\" tabindex=\"0\">\n\t\t\t\tGalerie\t\t\t<\/h3>\n\t\t\n\t\t<div id=\"accordion-1-c3\" class=\"accordion-content\" aria-hidden=\"true\">\n\t\t\t\r\n<center><div class='fotorama--wp' data-ids='2018,2019,2020,2021,2022,2023,2024,2025,2026,2027,2028'data-nav='thumbs'data-height='300'data-allowfullscreen='true'data-link='file'data-itemtag='dl'data-icontag='dt'data-captiontag='dd'data-columns='0'data-size='large'data-width='999'data-auto='false'data-max-width='100%'data-ratio='1.5'><div id='gallery-1' class='gallery galleryid-35 gallery-columns-0 gallery-size-thumbnail'><dl class='gallery-item'>\n\t\t\t<dt class='gallery-icon landscape'>\n\t\t\t\t<a href='https:\/\/www.muehles.de\/wp-content\/uploads\/2014\/11\/20140607-DSC_1057.jpg' data-full='https:\/\/www.muehles.de\/wp-content\/uploads\/2014\/11\/20140607-DSC_1057.jpg'><img loading=\"lazy\" decoding=\"async\" width=\"150\" height=\"150\" src=\"https:\/\/www.muehles.de\/wp-content\/uploads\/2014\/11\/20140607-DSC_1057-150x150.jpg\" class=\"attachment-thumbnail size-thumbnail\" alt=\"\" \/><\/a>\n\t\t\t<\/dt><\/dl><dl class='gallery-item'>\n\t\t\t<dt class='gallery-icon landscape'>\n\t\t\t\t<a href='https:\/\/www.muehles.de\/wp-content\/uploads\/2014\/11\/20140607-DSC_1064.jpg' data-full='https:\/\/www.muehles.de\/wp-content\/uploads\/2014\/11\/20140607-DSC_1064.jpg'><img loading=\"lazy\" decoding=\"async\" width=\"150\" height=\"150\" src=\"https:\/\/www.muehles.de\/wp-content\/uploads\/2014\/11\/20140607-DSC_1064-150x150.jpg\" class=\"attachment-thumbnail size-thumbnail\" alt=\"\" \/><\/a>\n\t\t\t<\/dt><\/dl><dl class='gallery-item'>\n\t\t\t<dt class='gallery-icon landscape'>\n\t\t\t\t<a href='https:\/\/www.muehles.de\/wp-content\/uploads\/2014\/11\/20140607-DSC_1065.jpg' data-full='https:\/\/www.muehles.de\/wp-content\/uploads\/2014\/11\/20140607-DSC_1065.jpg'><img loading=\"lazy\" decoding=\"async\" width=\"150\" height=\"150\" src=\"https:\/\/www.muehles.de\/wp-content\/uploads\/2014\/11\/20140607-DSC_1065-150x150.jpg\" class=\"attachment-thumbnail size-thumbnail\" alt=\"\" \/><\/a>\n\t\t\t<\/dt><\/dl><dl class='gallery-item'>\n\t\t\t<dt class='gallery-icon landscape'>\n\t\t\t\t<a href='https:\/\/www.muehles.de\/wp-content\/uploads\/2014\/11\/20140607-DSC_1082.jpg' data-full='https:\/\/www.muehles.de\/wp-content\/uploads\/2014\/11\/20140607-DSC_1082.jpg'><img loading=\"lazy\" decoding=\"async\" width=\"150\" height=\"150\" src=\"https:\/\/www.muehles.de\/wp-content\/uploads\/2014\/11\/20140607-DSC_1082-150x150.jpg\" class=\"attachment-thumbnail size-thumbnail\" alt=\"\" \/><\/a>\n\t\t\t<\/dt><\/dl><dl class='gallery-item'>\n\t\t\t<dt class='gallery-icon landscape'>\n\t\t\t\t<a href='https:\/\/www.muehles.de\/wp-content\/uploads\/2014\/11\/20140607-DSC_1107.jpg' data-full='https:\/\/www.muehles.de\/wp-content\/uploads\/2014\/11\/20140607-DSC_1107.jpg'><img loading=\"lazy\" decoding=\"async\" width=\"150\" height=\"150\" src=\"https:\/\/www.muehles.de\/wp-content\/uploads\/2014\/11\/20140607-DSC_1107-150x150.jpg\" class=\"attachment-thumbnail size-thumbnail\" alt=\"\" \/><\/a>\n\t\t\t<\/dt><\/dl><dl class='gallery-item'>\n\t\t\t<dt class='gallery-icon landscape'>\n\t\t\t\t<a href='https:\/\/www.muehles.de\/wp-content\/uploads\/2014\/11\/20140607-DSC_1110.jpg' data-full='https:\/\/www.muehles.de\/wp-content\/uploads\/2014\/11\/20140607-DSC_1110.jpg'><img loading=\"lazy\" decoding=\"async\" width=\"150\" height=\"150\" src=\"https:\/\/www.muehles.de\/wp-content\/uploads\/2014\/11\/20140607-DSC_1110-150x150.jpg\" class=\"attachment-thumbnail size-thumbnail\" alt=\"\" \/><\/a>\n\t\t\t<\/dt><\/dl><dl class='gallery-item'>\n\t\t\t<dt class='gallery-icon landscape'>\n\t\t\t\t<a href='https:\/\/www.muehles.de\/wp-content\/uploads\/2014\/11\/20140607-DSC_1111.jpg' data-full='https:\/\/www.muehles.de\/wp-content\/uploads\/2014\/11\/20140607-DSC_1111.jpg'><img loading=\"lazy\" decoding=\"async\" width=\"150\" height=\"150\" src=\"https:\/\/www.muehles.de\/wp-content\/uploads\/2014\/11\/20140607-DSC_1111-150x150.jpg\" class=\"attachment-thumbnail size-thumbnail\" alt=\"\" \/><\/a>\n\t\t\t<\/dt><\/dl><dl class='gallery-item'>\n\t\t\t<dt class='gallery-icon portrait'>\n\t\t\t\t<a href='https:\/\/www.muehles.de\/wp-content\/uploads\/2014\/11\/20140607-DSC_1116.jpg' data-full='https:\/\/www.muehles.de\/wp-content\/uploads\/2014\/11\/20140607-DSC_1116.jpg'><img loading=\"lazy\" decoding=\"async\" width=\"150\" height=\"150\" src=\"https:\/\/www.muehles.de\/wp-content\/uploads\/2014\/11\/20140607-DSC_1116-150x150.jpg\" class=\"attachment-thumbnail size-thumbnail\" alt=\"\" \/><\/a>\n\t\t\t<\/dt><\/dl><dl class='gallery-item'>\n\t\t\t<dt class='gallery-icon portrait'>\n\t\t\t\t<a href='https:\/\/www.muehles.de\/wp-content\/uploads\/2014\/11\/20140607-DSC_1117.jpg' data-full='https:\/\/www.muehles.de\/wp-content\/uploads\/2014\/11\/20140607-DSC_1117.jpg'><img loading=\"lazy\" decoding=\"async\" width=\"150\" height=\"150\" src=\"https:\/\/www.muehles.de\/wp-content\/uploads\/2014\/11\/20140607-DSC_1117-150x150.jpg\" class=\"attachment-thumbnail size-thumbnail\" alt=\"\" \/><\/a>\n\t\t\t<\/dt><\/dl><dl class='gallery-item'>\n\t\t\t<dt class='gallery-icon landscape'>\n\t\t\t\t<a href='https:\/\/www.muehles.de\/wp-content\/uploads\/2014\/11\/20140607-DSC_1144.jpg' data-full='https:\/\/www.muehles.de\/wp-content\/uploads\/2014\/11\/20140607-DSC_1144.jpg'><img loading=\"lazy\" decoding=\"async\" width=\"150\" height=\"150\" src=\"https:\/\/www.muehles.de\/wp-content\/uploads\/2014\/11\/20140607-DSC_1144-150x150.jpg\" class=\"attachment-thumbnail size-thumbnail\" alt=\"\" \/><\/a>\n\t\t\t<\/dt><\/dl><dl class='gallery-item'>\n\t\t\t<dt class='gallery-icon landscape'>\n\t\t\t\t<a href='https:\/\/www.muehles.de\/wp-content\/uploads\/2014\/11\/20140607-DSC_1153.jpg' data-full='https:\/\/www.muehles.de\/wp-content\/uploads\/2014\/11\/20140607-DSC_1153.jpg'><img loading=\"lazy\" decoding=\"async\" width=\"150\" height=\"150\" src=\"https:\/\/www.muehles.de\/wp-content\/uploads\/2014\/11\/20140607-DSC_1153-150x150.jpg\" class=\"attachment-thumbnail size-thumbnail\" alt=\"\" \/><\/a>\n\t\t\t<\/dt><\/dl>\n\t\t<\/div>\n<\/div><\/center>\r\n\t\t<\/div>\n\n\t\t\r\n<\/div>\r\n","protected":false},"excerpt":{"rendered":"<strong>Rundwanderung am 07.06.2014 vom Vilsalpsee \u00fcber Schrecksee und Landsberger H\u00fctte<\/strong>\r\n\r\nHeute haben wir eine Wanderung zum Schrecksee geplant, dazu gab es zwei Alternativen entweder von Hinterstein aus oder von Tannheim.\r\n","protected":false},"author":1,"featured_media":2022,"comment_status":"closed","ping_status":"closed","sticky":false,"template":"","format":"standard","meta":{"footnotes":""},"categories":[3],"tags":[77],"class_list":["post-35","post","type-post","status-publish","format-standard","has-post-thumbnail","hentry","category-wandern","tag-schneefeld"],"_links":{"self":[{"href":"https:\/\/www.muehles.de\/index.php?rest_route=\/wp\/v2\/posts\/35","targetHints":{"allow":["GET"]}}],"collection":[{"href":"https:\/\/www.muehles.de\/index.php?rest_route=\/wp\/v2\/posts"}],"about":[{"href":"https:\/\/www.muehles.de\/index.php?rest_route=\/wp\/v2\/types\/post"}],"author":[{"embeddable":true,"href":"https:\/\/www.muehles.de\/index.php?rest_route=\/wp\/v2\/users\/1"}],"replies":[{"embeddable":true,"href":"https:\/\/www.muehles.de\/index.php?rest_route=%2Fwp%2Fv2%2Fcomments&post=35"}],"version-history":[{"count":31,"href":"https:\/\/www.muehles.de\/index.php?rest_route=\/wp\/v2\/posts\/35\/revisions"}],"predecessor-version":[{"id":1087,"href":"https:\/\/www.muehles.de\/index.php?rest_route=\/wp\/v2\/posts\/35\/revisions\/1087"}],"wp:featuredmedia":[{"embeddable":true,"href":"https:\/\/www.muehles.de\/index.php?rest_route=\/wp\/v2\/media\/2022"}],"wp:attachment":[{"href":"https:\/\/www.muehles.de\/index.php?rest_route=%2Fwp%2Fv2%2Fmedia&parent=35"}],"wp:term":[{"taxonomy":"category","embeddable":true,"href":"https:\/\/www.muehles.de\/index.php?rest_route=%2Fwp%2Fv2%2Fcategories&post=35"},{"taxonomy":"post_tag","embeddable":true,"href":"https:\/\/www.muehles.de\/index.php?rest_route=%2Fwp%2Fv2%2Ftags&post=35"}],"curies":[{"name":"wp","href":"https:\/\/api.w.org\/{rel}","templated":true}]}}