{"id":4,"date":"2014-05-24T16:27:58","date_gmt":"2014-05-24T14:27:58","guid":{"rendered":"http:\/\/allgaeu.muehles.de\/?p=4"},"modified":"2019-08-28T09:31:07","modified_gmt":"2019-08-28T07:31:07","slug":"ostlerhuette","status":"publish","type":"post","link":"https:\/\/www.muehles.de\/?p=4","title":{"rendered":"Ostlerh\u00fctte"},"content":{"rendered":"<strong>Wanderung am 24.05.2014 von der Fallm\u00fchle auf den Breitenberg zur Ostlerh\u00fctte<\/strong>\r\n<p style=\"text-align: justify;\">Die Wanderung f\u00fchrt von der Fallm\u00fchle gleichm\u00e4\u00dfig steil durch den Wald. Am Anfang ist es noch ein breiter Weg, welcher dann zum Pfad wird.\r\nAb ca 1450 m H\u00f6he wird es anspruchsvoller und felsiger. Unterwegs hat man einen traumhaften Blick auf die B\u00e4renmoosalp und auf den Einstein.\r\nLangsam zieht es zu und wir laufen in den Wolken. Oben auf dem Kamm ist die Sicht gleich null.\r\nIn der Ostlerh\u00fctte ist es relativ leer. Wir st\u00e4rken uns und beobachten den Nebel, abundzu klart es kurz auf. Gegen 16:00 Uhr machen wir uns auf den R\u00fcckweg.\r\nBergrunter kommen uns ziemlich viele Wanderer entgegen, die Gruppe will eine Geburtstagsfeier oben feiern, jeder hat seinen eigenen Humpen dabei. Warum erfahren wir am Ende der Gruppe, zur Motivation werden zwei F\u00e4sser Bier raufgeschleppt, zu beneiden sind die Tr\u00e4ger nicht.\r\nUnten ist das Wetter wieder eindeutig besser.\r\nWir machen uns auf den R\u00fcckweg, da die M\u00e4dels auf uns warten.<\/p>\r\n<div id=\"accordion-1\" class=\"accordion no-js\">\r\n\n\t\t\t\t\t<h3 role=\"button\" id=\"accordion-1-t1\" class=\"accordion-title js-accordion-controller\" aria-controls=\"accordion-1-c1\" aria-expanded=\"false\" tabindex=\"0\">\n\t\t\t\tInformation\t\t\t<\/h3>\n\t\t\n\t\t<div id=\"accordion-1-c1\" class=\"accordion-content\" aria-hidden=\"true\">\n\t\t\t\r\n<div align=\"center\" style=\"display:block;clear:both;margin:0;padding:0;\">\n   <table style=\"margin:0;table-layout:fixed;\" width=\"100%\" border=\"0\" cellspacing=\"0\" cellpadding=\"0\">\n     <tr valign=\"top\">\n       \n       <td width=\"40%\" align=\"left\" valign=\"top\" style=\"\"><div align=\"left\"  style=\"margin:0;padding:0;;\"><div class=\"jbox platinum\" style=\"border-width:5px;-moz-border-radius: 35px;-webkit-border-radius: 35px;-khtml-border-radius: 35px;border-radius: 35px;-webkit-box-shadow: 9px 9px 11px rgba(0,0,0,.15);-moz-box-shadow: 9px 9px 11px rgba(0,0,0,.15);box-shadow: 9px 9px 11px rgba(0,0,0,.15);\">  <div  class=\"jbox-title platinum\">Streckeninfo<\/div><div  class=\"jbox-content\"><small><strong>Wetter<\/strong> bew\u00f6lkt, teilweise neblig ca. 17 Grad<br \/>\r\n<strong>Anstieg<\/strong> 891 m<br \/>\r\n<strong>Strecke<\/strong> 8,8 km<br \/>\r\n<strong>Zeit<\/strong> 3:15 h<\/small><\/div><\/div><\/div><\/td><td width=\"6\" style=\"margin:0;padding:0;\"><\/td><td width=\"6\" style=\"margin:0;padding:0;\"><\/td><td width=\"60%\" align=\"left\" valign=\"top\" style=\"\"><div align=\"left\"  style=\"margin:0;padding:0;;\"><div class=\"jbox blue\" style=\"border-width:5px;-moz-border-radius: 35px;-webkit-border-radius: 35px;-khtml-border-radius: 35px;border-radius: 35px;-webkit-box-shadow: 9px 9px 11px rgba(0,0,0,.15);-moz-box-shadow: 9px 9px 11px rgba(0,0,0,.15);box-shadow: 9px 9px 11px rgba(0,0,0,.15);\">  <div  class=\"jbox-title blue\">Wegpunkte<\/div><div  class=\"jbox-content\"><small><strong>Fallm\u00fchle<\/strong> 12:55 Uhr 946 m<br \/>\r\n<strong>Ostlerh\u00fctte<\/strong> 14:50 &#8211; 15:55 Uhr 1837 m, km 4,5<br \/>\r\n<strong>Fallm\u00fchle<\/strong> 17:15 Uhr 946 m, km 8,8<\/small><\/div><\/div><\/div><\/td>\n       \n     <\/tr>\n   <\/table>\n<\/div>\r\n<center><iframe loading=\"lazy\" src=\"https:\/\/www.muehles.de\/gpx\/geoWP.php5?h=25&#038;f=2014-05-24\" name=\"H\u00f6henberechnung\" width=\"100%\" height=\"300\"><\/iframe><\/center>\r\n\t\t<\/div>\n\n\t\t\r\n\n\t\t\t\t\t<h3 role=\"button\" id=\"accordion-1-t2\" class=\"accordion-title js-accordion-controller\" aria-controls=\"accordion-1-c2\" aria-expanded=\"false\" tabindex=\"0\">\n\t\t\t\tTrack mit H\u00f6henverlauf\t\t\t<\/h3>\n\t\t\n\t\t<div id=\"accordion-1-c2\" class=\"accordion-content\" aria-hidden=\"true\">\n\t\t\t\r\n<iframe loading=\"lazy\" src=\"https:\/\/www.muehles.de\/gpx\/JB.html?gpx=2014-05-24&#038;typ=OPENTOPO\" name=\"Tourenanzeige\" width=\"100%\" height=\"800\"><\/iframe>\r\n\t\t<\/div>\n\n\t\t\r\n<\/div>","protected":false},"excerpt":{"rendered":"<strong>Wanderung am 24.05.2014 von der Fallm\u00fchle auf den Breitenberg zur Ostlerh\u00fctte<\/strong>\r\n\r\nDie Wanderung f\u00fchrt von der Fallm\u00fchle gleichm\u00e4\u00dfig steil durch den Wald. \r\n","protected":false},"author":1,"featured_media":0,"comment_status":"closed","ping_status":"closed","sticky":false,"template":"","format":"standard","meta":{"footnotes":""},"categories":[3],"tags":[],"class_list":["post-4","post","type-post","status-publish","format-standard","hentry","category-wandern"],"_links":{"self":[{"href":"https:\/\/www.muehles.de\/index.php?rest_route=\/wp\/v2\/posts\/4","targetHints":{"allow":["GET"]}}],"collection":[{"href":"https:\/\/www.muehles.de\/index.php?rest_route=\/wp\/v2\/posts"}],"about":[{"href":"https:\/\/www.muehles.de\/index.php?rest_route=\/wp\/v2\/types\/post"}],"author":[{"embeddable":true,"href":"https:\/\/www.muehles.de\/index.php?rest_route=\/wp\/v2\/users\/1"}],"replies":[{"embeddable":true,"href":"https:\/\/www.muehles.de\/index.php?rest_route=%2Fwp%2Fv2%2Fcomments&post=4"}],"version-history":[{"count":29,"href":"https:\/\/www.muehles.de\/index.php?rest_route=\/wp\/v2\/posts\/4\/revisions"}],"predecessor-version":[{"id":11163,"href":"https:\/\/www.muehles.de\/index.php?rest_route=\/wp\/v2\/posts\/4\/revisions\/11163"}],"wp:attachment":[{"href":"https:\/\/www.muehles.de\/index.php?rest_route=%2Fwp%2Fv2%2Fmedia&parent=4"}],"wp:term":[{"taxonomy":"category","embeddable":true,"href":"https:\/\/www.muehles.de\/index.php?rest_route=%2Fwp%2Fv2%2Fcategories&post=4"},{"taxonomy":"post_tag","embeddable":true,"href":"https:\/\/www.muehles.de\/index.php?rest_route=%2Fwp%2Fv2%2Ftags&post=4"}],"curies":[{"name":"wp","href":"https:\/\/api.w.org\/{rel}","templated":true}]}}