{"id":845,"date":"2014-08-01T22:12:19","date_gmt":"2014-08-01T20:12:19","guid":{"rendered":"http:\/\/allgaeu.muehles.de\/?p=845"},"modified":"2019-06-17T16:14:31","modified_gmt":"2019-06-17T14:14:31","slug":"br-radltour-2014-anreise","status":"publish","type":"post","link":"https:\/\/www.muehles.de\/?p=845","title":{"rendered":"BR Radltour 2014 &#8211; Anreise"},"content":{"rendered":"<strong>01.08.2014 Anreise nach Kufstein<\/strong>\r\n<p style=\"text-align: justify;\">\r\nKurze Zusammenfassung der Erlebnisse von der BR Radltour 2014.<br \/>\r\nWir sind 12 SBKler und mehrere Unterst\u00fctzer, welche die sieben Etappen in Angriff nehmen.<br \/>\r\nTreffpunkt 09:00 Uhr in M\u00fcnchen<br \/>\r\nNachdem wir 10:15 Uhr doch losfuhren, kamen wir doch sehr gut \u00fcber die A8 nach Kufstein. In Kufstein checkten wir ein und stellten die R\u00e4der auf den Fahrradparkplatz ab, hoffentlich h\u00e4lt die Luft in den Reifen. Danach ging es ins Kaiser-Hotel nach Ebbs.<br \/>\r\nManche haben einen traumhaften Blick auf den Zahmen Kaiser, bei mir war es nur ein Blick auf eine Hinterhof-Terrasse. Im Oberwirt st\u00e4rkten wir uns, Tiroler K\u00e4sspatzen schmecken auch nicht schlecht, machen aber sehr satt.<br \/>\r\nUm 16:00 Uhr ging es dann zum Festplatz im Gartencenter, es gab einen kurzen Rundgang zu den St\u00e4nden. Nebenbei probten Opus und die anderen f\u00fcr den Abend. Der Zulauf hielt sich zu Anfang in Grenzen, aber es wurde sp\u00e4ter doch noch etwas voller, das Cyberbike war bei uns gut besucht. Das \u00fcberdachte Gew\u00e4chshaus mit den Bierb\u00e4nken war schon besser besucht, die Stimmung war gut angeheizt, aber die Preise waren auch sehr anspruchsvoll.<br \/>\r\nUm 21:00 Uhr begann der erste Auftritt, jetzt war es Zeit zu gehen. Mit dem ersten Shuttle war ich 21:30 Uhr zur\u00fcck.<br \/>\r\nMorgen geht es endlich los, mal schauen wie fit ich dieses Jahr bin.<\/p>\r\n<center><div class='fotorama--wp' data-ids='2444,2445,2446,2447,2448'data-nav='thumbs'data-height='300'data-allowfullscreen='true'data-link='file'data-itemtag='dl'data-icontag='dt'data-captiontag='dd'data-columns='0'data-size='large'data-width='499'data-auto='false'data-max-width='100%'data-ratio='0.74924924924925'><div id='gallery-1' class='gallery galleryid-845 gallery-columns-0 gallery-size-thumbnail'><dl class='gallery-item'>\n\t\t\t<dt class='gallery-icon portrait'>\n\t\t\t\t<a href='https:\/\/www.muehles.de\/wp-content\/uploads\/2015\/01\/20140801_SAM_1621.jpg' data-full='https:\/\/www.muehles.de\/wp-content\/uploads\/2015\/01\/20140801_SAM_1621.jpg'><img loading=\"lazy\" decoding=\"async\" width=\"150\" height=\"150\" src=\"https:\/\/www.muehles.de\/wp-content\/uploads\/2015\/01\/20140801_SAM_1621-150x150.jpg\" class=\"attachment-thumbnail size-thumbnail\" alt=\"\" \/><\/a>\n\t\t\t<\/dt><\/dl><dl class='gallery-item'>\n\t\t\t<dt class='gallery-icon landscape'>\n\t\t\t\t<a href='https:\/\/www.muehles.de\/wp-content\/uploads\/2015\/01\/20140801_SAM_1633.jpg' data-full='https:\/\/www.muehles.de\/wp-content\/uploads\/2015\/01\/20140801_SAM_1633.jpg'><img loading=\"lazy\" decoding=\"async\" width=\"150\" height=\"150\" src=\"https:\/\/www.muehles.de\/wp-content\/uploads\/2015\/01\/20140801_SAM_1633-150x150.jpg\" class=\"attachment-thumbnail size-thumbnail\" alt=\"\" \/><\/a>\n\t\t\t<\/dt><\/dl><dl class='gallery-item'>\n\t\t\t<dt class='gallery-icon landscape'>\n\t\t\t\t<a href='https:\/\/www.muehles.de\/wp-content\/uploads\/2015\/01\/20140801_SAM_1635.jpg' data-full='https:\/\/www.muehles.de\/wp-content\/uploads\/2015\/01\/20140801_SAM_1635.jpg'><img loading=\"lazy\" decoding=\"async\" width=\"150\" height=\"150\" src=\"https:\/\/www.muehles.de\/wp-content\/uploads\/2015\/01\/20140801_SAM_1635-150x150.jpg\" class=\"attachment-thumbnail size-thumbnail\" alt=\"\" \/><\/a>\n\t\t\t<\/dt><\/dl><dl class='gallery-item'>\n\t\t\t<dt class='gallery-icon landscape'>\n\t\t\t\t<a href='https:\/\/www.muehles.de\/wp-content\/uploads\/2015\/01\/20140801_SAM_1637.jpg' data-full='https:\/\/www.muehles.de\/wp-content\/uploads\/2015\/01\/20140801_SAM_1637.jpg'><img loading=\"lazy\" decoding=\"async\" width=\"150\" height=\"150\" src=\"https:\/\/www.muehles.de\/wp-content\/uploads\/2015\/01\/20140801_SAM_1637-150x150.jpg\" class=\"attachment-thumbnail size-thumbnail\" alt=\"\" \/><\/a>\n\t\t\t<\/dt><\/dl><dl class='gallery-item'>\n\t\t\t<dt class='gallery-icon landscape'>\n\t\t\t\t<a href='https:\/\/www.muehles.de\/wp-content\/uploads\/2015\/01\/20140801_SAM_1639.jpg' data-full='https:\/\/www.muehles.de\/wp-content\/uploads\/2015\/01\/20140801_SAM_1639.jpg'><img loading=\"lazy\" decoding=\"async\" width=\"150\" height=\"150\" src=\"https:\/\/www.muehles.de\/wp-content\/uploads\/2015\/01\/20140801_SAM_1639-150x150.jpg\" class=\"attachment-thumbnail size-thumbnail\" alt=\"\" \/><\/a>\n\t\t\t<\/dt><\/dl>\n\t\t<\/div>\n<\/div><\/center>","protected":false},"excerpt":{"rendered":"<strong>01.08.2014 Anreise nach Kufstein<\/strong>\r\n\r\nKurze Zusammenfassung der Erlebnisse von der BR Radltour 2014.\r\n","protected":false},"author":1,"featured_media":2445,"comment_status":"closed","ping_status":"closed","sticky":false,"template":"","format":"standard","meta":{"footnotes":""},"categories":[42],"tags":[],"class_list":["post-845","post","type-post","status-publish","format-standard","has-post-thumbnail","hentry","category-br-radltour"],"_links":{"self":[{"href":"https:\/\/www.muehles.de\/index.php?rest_route=\/wp\/v2\/posts\/845","targetHints":{"allow":["GET"]}}],"collection":[{"href":"https:\/\/www.muehles.de\/index.php?rest_route=\/wp\/v2\/posts"}],"about":[{"href":"https:\/\/www.muehles.de\/index.php?rest_route=\/wp\/v2\/types\/post"}],"author":[{"embeddable":true,"href":"https:\/\/www.muehles.de\/index.php?rest_route=\/wp\/v2\/users\/1"}],"replies":[{"embeddable":true,"href":"https:\/\/www.muehles.de\/index.php?rest_route=%2Fwp%2Fv2%2Fcomments&post=845"}],"version-history":[{"count":16,"href":"https:\/\/www.muehles.de\/index.php?rest_route=\/wp\/v2\/posts\/845\/revisions"}],"predecessor-version":[{"id":850,"href":"https:\/\/www.muehles.de\/index.php?rest_route=\/wp\/v2\/posts\/845\/revisions\/850"}],"wp:featuredmedia":[{"embeddable":true,"href":"https:\/\/www.muehles.de\/index.php?rest_route=\/wp\/v2\/media\/2445"}],"wp:attachment":[{"href":"https:\/\/www.muehles.de\/index.php?rest_route=%2Fwp%2Fv2%2Fmedia&parent=845"}],"wp:term":[{"taxonomy":"category","embeddable":true,"href":"https:\/\/www.muehles.de\/index.php?rest_route=%2Fwp%2Fv2%2Fcategories&post=845"},{"taxonomy":"post_tag","embeddable":true,"href":"https:\/\/www.muehles.de\/index.php?rest_route=%2Fwp%2Fv2%2Ftags&post=845"}],"curies":[{"name":"wp","href":"https:\/\/api.w.org\/{rel}","templated":true}]}}