{"id":857,"date":"2014-08-02T22:21:50","date_gmt":"2014-08-02T20:21:50","guid":{"rendered":"http:\/\/allgaeu.muehles.de\/?p=857"},"modified":"2019-06-29T20:18:52","modified_gmt":"2019-06-29T18:18:52","slug":"br-radltour-2014-1-etappe","status":"publish","type":"post","link":"https:\/\/www.muehles.de\/?p=857","title":{"rendered":"BR Radltour 2014 &#8211; 1. Etappe"},"content":{"rendered":"<strong>02.08.2014 von Kufstein nach Holzkirchen<\/strong>\r\n<p style=\"text-align: justify;\">Nach dem t\u00e4glichen Teammeeting gab es um 08:30 Uhr das Aufw\u00e4rmen mit Karina, danach konnte das Trikot das erste Mal gewechselt werden. Das Wetter war nach der Regennacht sehr freundlich aber frisch. Nach der Er\u00f6ffnung der Tour ging es mit etwas Versp\u00e4tung 09:25 Uhr los. Die ersten 20 km ging es parallel zum Inn noch durch \u00d6sterreich, dann wurden wir nach Bayern reingelassen zur ersten Pause. Die Fitness scheint doch in Ordnung zu sein, der erste kleine Anstieg ging doch ganz locker.<br \/>\r\nBei der ersten Wasserpause war unser Stand wieder gut besucht, die Vitamine, M\u00fcsli und Sonnencreme fand sehr viele Abnehmer. Auch die Sonne schien es doch sehr gut mit uns zu meinen. Die Versp\u00e4tung vom Start wurde immer gr\u00f6\u00dfer.<br \/>\r\nIn den Ortschaften war die Stimmung wieder sehr gut, unterwegs durften viele Stauumfahrer wegen uns doch am Rande warten.<br \/>\r\nGegen 13:30 Uhr kamen wir nach 54 km zur Mittagspause in Bad Aibling, inzwischen war es sehr hei\u00df und die Schw\u00fcle k\u00fcndigte das nahende. Unwetter an. Es folgte uns schon seit \u00d6sterreich.<br \/>\r\nBeim Spanier gab es im Schatten lecker Garnelenspie\u00df mit Reis, super.<br \/>\r\nKurz vor 15:00 Uhr ging es wieder los, inzwischen haben uns die Regenwolken erreicht und die ersten Tropfen erfrischten uns. 15:45 Uhr wurde die Tour kurz unterbrochen und alle Teilnehmer in Feldkirchen-Westerham in der Schule und der Sporthalle untergebracht, kaum waren alle drinnen ging es mit dem Regen los. Trotz Gewitter war es eher ein normaler Sommerregen, weiter westlich, also in Fahrtrichtung, gab es Hagel und \u00fcberlaufende Gullis, nach ca. einer Stunde ging es trocken aber mit nassen Fahrrad weiter. Da die Pause kurz vor dem Anstieg aus dem Mangfalltal stattfand und der Waldweg etwas eng war, kamen wir garnicht in Fahrt und sind den Weg schiebend hoch gelaufen. W\u00e4re aber doch machbar gewesen.<br \/>\r\nDanach ging das Einzelzeitfahren nach Holzkirchen los, da wir unbedingt in das Unwetter wollten. Aber die Bahnschranken meinten es nicht gut mit uns und durch das lange Feld konnte die Bahn auch nicht gestoppt, einmal durfte ich auch vor der Schranke warten. Um die vorhergehenden einzuholen haben wir zu dritt ein Sprintrennen durchgef\u00fchrt, ca. 6 km. Bei knapp 35 km\/h war bei mir Schluss, durch die nassen Schuhe hatte ich keinen sicheren Tritt und dann war es mit der Kraft nicht mehr so doll.<br \/>\r\nAuch hatte auch das Gef\u00fchl wir m\u00fcssen jeden Umweg mitnehmen, 3 km vor Holzkirchen gab es wieder den Sammelstopp um geschlossen einzufahren.<br \/>\r\nEs wurden schon wetten abgeschlossen, das wir doch noch nass werden. Nach einer gef\u00fchlten Ewigkeit, ca. 20 Minuten ging es weiter. In Holzkirchen war der Empfang wieder \u00fcberw\u00e4ltigend, die Einwohner haben sich sehr viel M\u00fche gegeben, gl\u00fccklicherweise blieb es immer noch trocken.<br \/>\r\nNach dem Unterbringen der R\u00e4der ging es zum Stand, da die erste Schicht mit dem Shuttle zum Hotel Holiday Inn nach Unterhaching gebracht wurden. Wir sollten gegen 19:50 Uhr abgeholt werden.<br \/>\r\nAlso erst einmal die H\u00fctten am Marktplatz durchtesten, Wurstsalat und Schnitzelsemmel haben sehr gut geschmeckt, trotz des immer st\u00e4rker werdenden Regens, schade!<br \/>\r\nMit Kansas w\u00fcrde es heute nichts mehr werden, nachdem ich gegen 20:30 Uhr im Hotel war, war der Bedarf an Wasser von oben gedeckt.<br \/>\r\nDas Hotel ist modern und sehr gut eingerichtet.<br \/>\r\nMorgen geht es durch M\u00fcnchen nach Maisach, Binchen kommt auch nach Holzkirchen um das Radeln auf dem Mittleren Ring und Fahrt am Br-Geb\u00e4ude und BMW-Welt zu erleben. Ich hoffe Petrus \u00fcberlegt es sich noch mit Wetter.<\/p>\r\n<div id=\"accordion-1\" class=\"accordion no-js\">\r\n\n\t\t\t\t\t<h3 role=\"button\" id=\"accordion-1-t1\" class=\"accordion-title js-accordion-controller\" aria-controls=\"accordion-1-c1\" aria-expanded=\"false\" tabindex=\"0\">\n\t\t\t\tInformation\t\t\t<\/h3>\n\t\t\n\t\t<div id=\"accordion-1-c1\" class=\"accordion-content\" aria-hidden=\"true\">\n\t\t\t\r\n<div align=\"center\" style=\"display:block;clear:both;margin:0;padding:0;\">\n   <table style=\"margin:0;table-layout:fixed;\" width=\"100%\" border=\"0\" cellspacing=\"0\" cellpadding=\"0\">\n     <tr valign=\"top\">\n       \n       <td width=\"40%\" align=\"left\" valign=\"top\" style=\"\"><div align=\"left\"  style=\"margin:0;padding:0;;\"><div class=\"jbox platinum\" style=\"border-width:5px;-moz-border-radius: 35px;-webkit-border-radius: 35px;-khtml-border-radius: 35px;border-radius: 35px;-webkit-box-shadow: 9px 9px 11px rgba(0,0,0,.15);-moz-box-shadow: 9px 9px 11px rgba(0,0,0,.15);box-shadow: 9px 9px 11px rgba(0,0,0,.15);\">  <div  class=\"jbox-title platinum\">Streckeninfo<\/div><div  class=\"jbox-content\"><small><strong>Wetter<\/strong> Bis 14:45 Uhr trocken und hei\u00df bis 27 Grad, dann kam der Regen mit ca. 20 Grad<br \/>\r\n<strong>Anstieg<\/strong> 514 m<br \/>\r\n<strong>Strecke<\/strong> 89,1 km<br \/>\r\n<strong>Zeit<\/strong> 4:10 h<\/small><\/div><\/div><\/div><\/td><td width=\"6\" style=\"margin:0;padding:0;\"><\/td><td width=\"6\" style=\"margin:0;padding:0;\"><\/td><td width=\"60%\" align=\"left\" valign=\"top\" style=\"\"><div align=\"left\"  style=\"margin:0;padding:0;;\"><div class=\"jbox blue\" style=\"border-width:5px;-moz-border-radius: 35px;-webkit-border-radius: 35px;-khtml-border-radius: 35px;border-radius: 35px;-webkit-box-shadow: 9px 9px 11px rgba(0,0,0,.15);-moz-box-shadow: 9px 9px 11px rgba(0,0,0,.15);box-shadow: 9px 9px 11px rgba(0,0,0,.15);\">  <div  class=\"jbox-title blue\">Wegpunkte<\/div><div  class=\"jbox-content\"><small><strong>Kufstein<\/strong> 09:25 Uhr 490 m<br \/>\r\n<strong>Gro\u00dfholzhausen<\/strong> 11:15 &#8211; 12:00 Uhr 480 m, km 33,8<br \/>\r\n<strong>Bad Aibling<\/strong> 13:20 &#8211; 14:50 Uhr 495 m, km 54,9<br \/>\r\n<strong>Feldkirchen-Westerham<\/strong> 15:40 &#8211; 16:35 Uhr 550 m, km 72,0<br \/>\r\n<strong>Holzkirchen<\/strong> 17:50 Uhr 690 m, km 89,1<\/small><\/div><\/div><\/div><\/td>\n       \n     <\/tr>\n   <\/table>\n<\/div>\r\n<center><iframe loading=\"lazy\" src=\"https:\/\/www.muehles.de\/gpx\/geoWP.php5?h=10&#038;f=2014-08-02\" name=\"H\u00f6henberechnung\" width=\"100%\" height=\"300\"><\/iframe><\/center>\r\n\t\t<\/div>\n\n\t\t\r\n\n\t\t\t\t\t<h3 role=\"button\" id=\"accordion-1-t2\" class=\"accordion-title js-accordion-controller\" aria-controls=\"accordion-1-c2\" aria-expanded=\"false\" tabindex=\"0\">\n\t\t\t\tTrack mit H\u00f6henverlauf\t\t\t<\/h3>\n\t\t\n\t\t<div id=\"accordion-1-c2\" class=\"accordion-content\" aria-hidden=\"true\">\n\t\t\t\r\n<iframe loading=\"lazy\" src=\"https:\/\/www.muehles.de\/gpx\/JB.html?gpx=2014-08-02&#038;typ=OSM\" name=\"Tourenanzeige\" width=\"100%\" height=\"800\"><\/iframe>\r\n\t\t<\/div>\n\n\t\t\r\n\n\t\t\t\t\t<h3 role=\"button\" id=\"accordion-1-t3\" class=\"accordion-title js-accordion-controller\" aria-controls=\"accordion-1-c3\" aria-expanded=\"false\" tabindex=\"0\">\n\t\t\t\tGalerie\t\t\t<\/h3>\n\t\t\n\t\t<div id=\"accordion-1-c3\" class=\"accordion-content\" aria-hidden=\"true\">\n\t\t\t\r\n<center><div class='fotorama--wp' data-ids='2449,2450,2451,2452,2453'data-nav='thumbs'data-height='300'data-allowfullscreen='true'data-link='file'data-itemtag='dl'data-icontag='dt'data-captiontag='dd'data-columns='0'data-size='large'data-width='1024'data-auto='false'data-max-width='100%'data-ratio='6.9189189189189'><div id='gallery-1' class='gallery galleryid-857 gallery-columns-0 gallery-size-thumbnail'><dl class='gallery-item'>\n\t\t\t<dt class='gallery-icon landscape'>\n\t\t\t\t<a href='https:\/\/www.muehles.de\/wp-content\/uploads\/2015\/01\/20140802_P_I-1024x148.jpg' data-full='https:\/\/www.muehles.de\/wp-content\/uploads\/2015\/01\/20140802_P_I.jpg'><img loading=\"lazy\" decoding=\"async\" width=\"150\" height=\"150\" src=\"https:\/\/www.muehles.de\/wp-content\/uploads\/2015\/01\/20140802_P_I-150x150.jpg\" class=\"attachment-thumbnail size-thumbnail\" alt=\"\" \/><\/a>\n\t\t\t<\/dt><\/dl><dl class='gallery-item'>\n\t\t\t<dt class='gallery-icon landscape'>\n\t\t\t\t<a href='https:\/\/www.muehles.de\/wp-content\/uploads\/2015\/01\/20140802_SAM_1648.jpg' data-full='https:\/\/www.muehles.de\/wp-content\/uploads\/2015\/01\/20140802_SAM_1648.jpg'><img loading=\"lazy\" decoding=\"async\" width=\"150\" height=\"150\" src=\"https:\/\/www.muehles.de\/wp-content\/uploads\/2015\/01\/20140802_SAM_1648-150x150.jpg\" class=\"attachment-thumbnail size-thumbnail\" alt=\"\" \/><\/a>\n\t\t\t<\/dt><\/dl><dl class='gallery-item'>\n\t\t\t<dt class='gallery-icon landscape'>\n\t\t\t\t<a href='https:\/\/www.muehles.de\/wp-content\/uploads\/2015\/01\/20140802_SAM_1653.jpg' data-full='https:\/\/www.muehles.de\/wp-content\/uploads\/2015\/01\/20140802_SAM_1653.jpg'><img loading=\"lazy\" decoding=\"async\" width=\"150\" height=\"150\" src=\"https:\/\/www.muehles.de\/wp-content\/uploads\/2015\/01\/20140802_SAM_1653-150x150.jpg\" class=\"attachment-thumbnail size-thumbnail\" alt=\"\" \/><\/a>\n\t\t\t<\/dt><\/dl><dl class='gallery-item'>\n\t\t\t<dt class='gallery-icon landscape'>\n\t\t\t\t<a href='https:\/\/www.muehles.de\/wp-content\/uploads\/2015\/01\/20140802_SAM_1658.jpg' data-full='https:\/\/www.muehles.de\/wp-content\/uploads\/2015\/01\/20140802_SAM_1658.jpg'><img loading=\"lazy\" decoding=\"async\" width=\"150\" height=\"150\" src=\"https:\/\/www.muehles.de\/wp-content\/uploads\/2015\/01\/20140802_SAM_1658-150x150.jpg\" class=\"attachment-thumbnail size-thumbnail\" alt=\"\" \/><\/a>\n\t\t\t<\/dt><\/dl><dl class='gallery-item'>\n\t\t\t<dt class='gallery-icon landscape'>\n\t\t\t\t<a href='https:\/\/www.muehles.de\/wp-content\/uploads\/2015\/01\/20140802_SAM_1660.jpg' data-full='https:\/\/www.muehles.de\/wp-content\/uploads\/2015\/01\/20140802_SAM_1660.jpg'><img loading=\"lazy\" decoding=\"async\" width=\"150\" height=\"150\" src=\"https:\/\/www.muehles.de\/wp-content\/uploads\/2015\/01\/20140802_SAM_1660-150x150.jpg\" class=\"attachment-thumbnail size-thumbnail\" alt=\"\" \/><\/a>\n\t\t\t<\/dt><\/dl>\n\t\t<\/div>\n<\/div><\/center>\r\n\t\t<\/div>\n\n\t\t\r\n<\/div>\r\n","protected":false},"excerpt":{"rendered":"<strong>02.08.2014 von Kufstein nach Holzkirchen<\/strong>\r\n\r\nNach dem t\u00e4glichen Teammeeting gab es um 08:30 Uhr das Aufw\u00e4rmen mit Karina, danach konnte das Trikot das erste Mal gewechselt werden. \r\n","protected":false},"author":1,"featured_media":2452,"comment_status":"closed","ping_status":"closed","sticky":false,"template":"","format":"standard","meta":{"footnotes":""},"categories":[42],"tags":[],"class_list":["post-857","post","type-post","status-publish","format-standard","has-post-thumbnail","hentry","category-br-radltour"],"_links":{"self":[{"href":"https:\/\/www.muehles.de\/index.php?rest_route=\/wp\/v2\/posts\/857","targetHints":{"allow":["GET"]}}],"collection":[{"href":"https:\/\/www.muehles.de\/index.php?rest_route=\/wp\/v2\/posts"}],"about":[{"href":"https:\/\/www.muehles.de\/index.php?rest_route=\/wp\/v2\/types\/post"}],"author":[{"embeddable":true,"href":"https:\/\/www.muehles.de\/index.php?rest_route=\/wp\/v2\/users\/1"}],"replies":[{"embeddable":true,"href":"https:\/\/www.muehles.de\/index.php?rest_route=%2Fwp%2Fv2%2Fcomments&post=857"}],"version-history":[{"count":22,"href":"https:\/\/www.muehles.de\/index.php?rest_route=\/wp\/v2\/posts\/857\/revisions"}],"predecessor-version":[{"id":863,"href":"https:\/\/www.muehles.de\/index.php?rest_route=\/wp\/v2\/posts\/857\/revisions\/863"}],"wp:featuredmedia":[{"embeddable":true,"href":"https:\/\/www.muehles.de\/index.php?rest_route=\/wp\/v2\/media\/2452"}],"wp:attachment":[{"href":"https:\/\/www.muehles.de\/index.php?rest_route=%2Fwp%2Fv2%2Fmedia&parent=857"}],"wp:term":[{"taxonomy":"category","embeddable":true,"href":"https:\/\/www.muehles.de\/index.php?rest_route=%2Fwp%2Fv2%2Fcategories&post=857"},{"taxonomy":"post_tag","embeddable":true,"href":"https:\/\/www.muehles.de\/index.php?rest_route=%2Fwp%2Fv2%2Ftags&post=857"}],"curies":[{"name":"wp","href":"https:\/\/api.w.org\/{rel}","templated":true}]}}