{"id":896,"date":"2014-08-08T23:00:52","date_gmt":"2014-08-08T21:00:52","guid":{"rendered":"http:\/\/allgaeu.muehles.de\/?p=896"},"modified":"2019-06-29T20:14:30","modified_gmt":"2019-06-29T18:14:30","slug":"br-radltour-2014-7-etappe","status":"publish","type":"post","link":"https:\/\/www.muehles.de\/?p=896","title":{"rendered":"BR Radltour 2014 \u2013 7. Etappe"},"content":{"rendered":"<strong>08.08.2014 von Neustadt an der Aisch nach W\u00fcrzburg<\/strong>\r\n<p style=\"text-align: justify;\">Heute geht es zum letzten Abschnitt nach W\u00fcrzburg, dort warten Sabine und die M\u00e4dels. Mit dem Shuttle ging es fr\u00fchmorgens zur\u00fcck nach Neuburg an der Aisch.<br \/>\r\nThe same procedure as every day mit Karina.<br \/>\r\nHeute gab es bei den Teilst\u00fccken einen Steigerungslauf, erst 18 dann 26 und zum Schluss 40 km, davon 30 km flach am Main. Beim ersten Wasserstop gab es eine Nachricht, dass Franz-Josef gest\u00fcrzt ist. \u00dcber unsere Whatsapp-Chatgruppe hatten wir schnell eine R\u00fcckmeldung. Er hat sich beim Salto \u00fcber den Lenker am linken Arm verletzt und musste ins Krankenhaus. Vom Team erhielt er die besten Genesungsw\u00fcnsche und das wir ihn am Abend in W\u00fcrzburg erwarten, hat ja dann auch geklappt. Nach dem Schock ging es weiter zur Mittagspause in Iphofen. Jeder kleine Anstieg \u00fcberforderte einen Gro\u00dfteil der Teilnehmer, die Kr\u00f6nung war mitten im Pulk mit 6 km\/h bergauf. Wie gesagt, heute hatten wir mehrere Herausforderungen, Durchfahrt durch Stadttor mit Kopfsteinpflaster, bergauf und dann noch ein Polizeimotorrad, dann ist die Wahrscheinlichkeit des Schiebens sehr hoch.<br \/>\r\nDie Sonne meinte es inzwischen auch sehr gut, dieses Jahr kein Regen beim Radeln. Beim einzigen Unwetter kamen wir rechtzeitig in der Turnhalle am ersten Tag unter.<br \/>\r\nIn Iphofen wurden die R\u00e4der au\u00dferhalb abgestellt und es ging zu Fu\u00df in die Stadt, ein sch\u00f6nes St\u00e4dtchen mit Weinsch\u00e4nken, Stadttoren und -mauer sowie Fachwerkh\u00e4usern. Ich suchte mit ein nettes Weinbistro mit schattigen Indoorplatz, Herbert, Kathrin und Helmar kamen auch noch dazu. Es gab lecker Boulette mit Kartoffelsalat, hier hat ein eindeutig der Metzger gesiegt. Sp\u00e4ter auf dem Marktplatz wurden die Polizisten vorgestellt, welche auch wieder im Chor sangen, Rock mi von Voxxclub auf die Radltour adaptiert.<br \/>\r\nJetzt zum letzten Teilabschnitt nach W\u00fcrzburg, noch eine Abfahrt zum Main und dann den Main entlang.<br \/>\r\nDa die anderen im Team am Ende fahren wollte, versuchte ich mich eher vorne einzureihen, um Sabine zu begr\u00fc\u00dfen. Erst musste die Politikprominenz eingereiht werden, damit diese an der Spitze das Tempo bestimmen konnten. Da kein H\u00fcgel mehr im Weg war, ahnte ich schon wieder eine Raserei, aber so schlimm wurde es doch nicht, da der Maintalradweg nicht so breit war und \u00fcberholen kaum m\u00f6glich. Beim letzten Stop 9 km vorm Ziel gab es wieder viel Tumult, da alle vorne sein wollten. In W\u00fcrzburg wurden wir ph\u00e4nomenal begr\u00fcsst, auch die W\u00fcrzburger MitarbeiterInnen begr\u00fcssten uns mit Transparent, mittendrin Sabine, habe sie aber nicht erkannt, auch Franz-Josef mit Gipsarm war dabei. Auf dem Marktplatz gab es eine erste kurze Party mit Fotos, Bierchen und Wasserdusche. Nach einer dreiviertel Stunde ging es zum Umdrunk ins Hotel, dort gab es den Sektempfang und die \u00dcbergabe der unterschriebenen Trikots an das Eventteam. F\u00fcr Sabine und mich wurde es Zeit zu den M\u00e4dels in unser Hotel zu kommen.<br \/>\r\nSp\u00e4ter gingen wir zum Residenzplatz um mit den anderen zu feiern und das Konzert anzuh\u00f6ren. Da es eine Begrenzung der Besucherzahl gab, ben\u00f6tigten wir eigene Armb\u00e4nder. Der Gro\u00dfteil war beim Weinstand, wur sa\u00dfen zu f\u00fcnft auf der Bierbank und genossen das Konzert aus der Ferne.<br \/>\r\nSp\u00e4ter ging es zum Martinz, dort feierten wir bis Mitternacht, ehe es zur After-Radl-Party in die Martinklause ging. Diese war aber definitiv zu klein f\u00fcr die Massen, es war eng und hei\u00df. Nachdem wir uns von allen verabschiedet hatten, ging es bald nach Hause.<br \/>\r\nWir wollten noch in W\u00fcrzburg bleiben, die anderen wollten nach dem Fr\u00fchst\u00fcck mit dem Bus zur\u00fcck. Wie wir sp\u00e4ter erfuhren, war es eine rollende finnische Sauna.<br \/>\r\nJetzt werde ich die GPS-Tracks auswerten und die Daten aktualisieren.<\/p>\r\n<div id=\"accordion-1\" class=\"accordion no-js\">\r\n\n\t\t\t\t\t<h3 role=\"button\" id=\"accordion-1-t1\" class=\"accordion-title js-accordion-controller\" aria-controls=\"accordion-1-c1\" aria-expanded=\"false\" tabindex=\"0\">\n\t\t\t\tInformation\t\t\t<\/h3>\n\t\t\n\t\t<div id=\"accordion-1-c1\" class=\"accordion-content\" aria-hidden=\"true\">\n\t\t\t\r\n<div align=\"center\" style=\"display:block;clear:both;margin:0;padding:0;\">\n   <table style=\"margin:0;table-layout:fixed;\" width=\"100%\" border=\"0\" cellspacing=\"0\" cellpadding=\"0\">\n     <tr valign=\"top\">\n       \n       <td width=\"40%\" align=\"left\" valign=\"top\" style=\"\"><div align=\"left\"  style=\"margin:0;padding:0;;\"><div class=\"jbox platinum\" style=\"border-width:5px;-moz-border-radius: 35px;-webkit-border-radius: 35px;-khtml-border-radius: 35px;border-radius: 35px;-webkit-box-shadow: 9px 9px 11px rgba(0,0,0,.15);-moz-box-shadow: 9px 9px 11px rgba(0,0,0,.15);box-shadow: 9px 9px 11px rgba(0,0,0,.15);\">  <div  class=\"jbox-title platinum\">Streckeninfo<\/div><div  class=\"jbox-content\"><small><strong>Wetter<\/strong> sonnig, trocken ca. 29 Grad<br \/>\r\n<strong>Anstieg<\/strong> 326 m<br \/>\r\n<strong>Strecke<\/strong> 83,2 km<br \/>\r\n<strong>Zeit<\/strong> 3:43 h<\/small><\/div><\/div><\/div><\/td><td width=\"6\" style=\"margin:0;padding:0;\"><\/td><td width=\"6\" style=\"margin:0;padding:0;\"><\/td><td width=\"60%\" align=\"left\" valign=\"top\" style=\"\"><div align=\"left\"  style=\"margin:0;padding:0;;\"><div class=\"jbox blue\" style=\"border-width:5px;-moz-border-radius: 35px;-webkit-border-radius: 35px;-khtml-border-radius: 35px;border-radius: 35px;-webkit-box-shadow: 9px 9px 11px rgba(0,0,0,.15);-moz-box-shadow: 9px 9px 11px rgba(0,0,0,.15);box-shadow: 9px 9px 11px rgba(0,0,0,.15);\">  <div  class=\"jbox-title blue\">Wegpunkte<\/div><div  class=\"jbox-content\"><small><strong>Neustadt an der Aisch<\/strong> 09:10 Uhr 300 m<br \/>\r\n<strong>Scheinfeld<\/strong> 10:00 &#8211; 10:55 Uhr 315 m, km 17,2<br \/>\r\n<strong>Iphofen<\/strong> 12:20 &#8211; 14:15 Uhr 260 m, km 45,0<br \/>\r\n<strong>W\u00fcrzburg<\/strong> 16:20 Uhr 180 m, km 83,2<\/small><\/div><\/div><\/div><\/td>\n       \n     <\/tr>\n   <\/table>\n<\/div>\r\n<center><iframe loading=\"lazy\" src=\"https:\/\/www.muehles.de\/gpx\/geoWP.php5?h=10&#038;f=2014-08-08\" name=\"H\u00f6henberechnung\" width=\"100%\" height=\"300\"><\/iframe><\/center>\r\n\t\t<\/div>\n\n\t\t\r\n\n\t\t\t\t\t<h3 role=\"button\" id=\"accordion-1-t2\" class=\"accordion-title js-accordion-controller\" aria-controls=\"accordion-1-c2\" aria-expanded=\"false\" tabindex=\"0\">\n\t\t\t\tTrack mit H\u00f6henverlauf\t\t\t<\/h3>\n\t\t\n\t\t<div id=\"accordion-1-c2\" class=\"accordion-content\" aria-hidden=\"true\">\n\t\t\t\r\n<iframe loading=\"lazy\" src=\"https:\/\/www.muehles.de\/gpx\/JB.html?gpx=2014-08-08&#038;typ=OSM\" name=\"Tourenanzeige\" width=\"100%\" height=\"800\"><\/iframe>\r\n\t\t<\/div>\n\n\t\t\r\n\n\t\t\t\t\t<h3 role=\"button\" id=\"accordion-1-t3\" class=\"accordion-title js-accordion-controller\" aria-controls=\"accordion-1-c3\" aria-expanded=\"false\" tabindex=\"0\">\n\t\t\t\tGalerie\t\t\t<\/h3>\n\t\t\n\t\t<div id=\"accordion-1-c3\" class=\"accordion-content\" aria-hidden=\"true\">\n\t\t\t\r\n<center><div class='fotorama--wp' data-ids='2570,2571,2572,2573,2574,2575,2576'data-nav='thumbs'data-height='300'data-allowfullscreen='true'data-link='file'data-itemtag='dl'data-icontag='dt'data-captiontag='dd'data-columns='0'data-size='large'data-width='888'data-auto='false'data-max-width='100%'data-ratio='1.3333333333333'><div id='gallery-1' class='gallery galleryid-896 gallery-columns-0 gallery-size-thumbnail'><dl class='gallery-item'>\n\t\t\t<dt class='gallery-icon landscape'>\n\t\t\t\t<a href='https:\/\/www.muehles.de\/wp-content\/uploads\/2015\/01\/20140808_SAM_1847.jpg' data-full='https:\/\/www.muehles.de\/wp-content\/uploads\/2015\/01\/20140808_SAM_1847.jpg'><img loading=\"lazy\" decoding=\"async\" width=\"150\" height=\"150\" src=\"https:\/\/www.muehles.de\/wp-content\/uploads\/2015\/01\/20140808_SAM_1847-150x150.jpg\" class=\"attachment-thumbnail size-thumbnail\" alt=\"\" \/><\/a>\n\t\t\t<\/dt><\/dl><dl class='gallery-item'>\n\t\t\t<dt class='gallery-icon landscape'>\n\t\t\t\t<a href='https:\/\/www.muehles.de\/wp-content\/uploads\/2015\/01\/20140808_SAM_1848.jpg' data-full='https:\/\/www.muehles.de\/wp-content\/uploads\/2015\/01\/20140808_SAM_1848.jpg'><img loading=\"lazy\" decoding=\"async\" width=\"150\" height=\"150\" src=\"https:\/\/www.muehles.de\/wp-content\/uploads\/2015\/01\/20140808_SAM_1848-150x150.jpg\" class=\"attachment-thumbnail size-thumbnail\" alt=\"\" \/><\/a>\n\t\t\t<\/dt><\/dl><dl class='gallery-item'>\n\t\t\t<dt class='gallery-icon landscape'>\n\t\t\t\t<a href='https:\/\/www.muehles.de\/wp-content\/uploads\/2015\/01\/20140808_SAM_1849.jpg' data-full='https:\/\/www.muehles.de\/wp-content\/uploads\/2015\/01\/20140808_SAM_1849.jpg'><img loading=\"lazy\" decoding=\"async\" width=\"150\" height=\"150\" src=\"https:\/\/www.muehles.de\/wp-content\/uploads\/2015\/01\/20140808_SAM_1849-150x150.jpg\" class=\"attachment-thumbnail size-thumbnail\" alt=\"\" \/><\/a>\n\t\t\t<\/dt><\/dl><dl class='gallery-item'>\n\t\t\t<dt class='gallery-icon landscape'>\n\t\t\t\t<a href='https:\/\/www.muehles.de\/wp-content\/uploads\/2015\/01\/20140808_SAM_1864.jpg' data-full='https:\/\/www.muehles.de\/wp-content\/uploads\/2015\/01\/20140808_SAM_1864.jpg'><img loading=\"lazy\" decoding=\"async\" width=\"150\" height=\"150\" src=\"https:\/\/www.muehles.de\/wp-content\/uploads\/2015\/01\/20140808_SAM_1864-150x150.jpg\" class=\"attachment-thumbnail size-thumbnail\" alt=\"\" \/><\/a>\n\t\t\t<\/dt><\/dl><dl class='gallery-item'>\n\t\t\t<dt class='gallery-icon landscape'>\n\t\t\t\t<a href='https:\/\/www.muehles.de\/wp-content\/uploads\/2015\/01\/20140808_SAM_1873.jpg' data-full='https:\/\/www.muehles.de\/wp-content\/uploads\/2015\/01\/20140808_SAM_1873.jpg'><img loading=\"lazy\" decoding=\"async\" width=\"150\" height=\"150\" src=\"https:\/\/www.muehles.de\/wp-content\/uploads\/2015\/01\/20140808_SAM_1873-150x150.jpg\" class=\"attachment-thumbnail size-thumbnail\" alt=\"\" \/><\/a>\n\t\t\t<\/dt><\/dl><dl class='gallery-item'>\n\t\t\t<dt class='gallery-icon landscape'>\n\t\t\t\t<a href='https:\/\/www.muehles.de\/wp-content\/uploads\/2015\/01\/20140808_SAM_1914.jpg' data-full='https:\/\/www.muehles.de\/wp-content\/uploads\/2015\/01\/20140808_SAM_1914.jpg'><img loading=\"lazy\" decoding=\"async\" width=\"150\" height=\"150\" src=\"https:\/\/www.muehles.de\/wp-content\/uploads\/2015\/01\/20140808_SAM_1914-150x150.jpg\" class=\"attachment-thumbnail size-thumbnail\" alt=\"\" \/><\/a>\n\t\t\t<\/dt><\/dl><dl class='gallery-item'>\n\t\t\t<dt class='gallery-icon landscape'>\n\t\t\t\t<a href='https:\/\/www.muehles.de\/wp-content\/uploads\/2015\/01\/20140808_SAM_1934.jpg' data-full='https:\/\/www.muehles.de\/wp-content\/uploads\/2015\/01\/20140808_SAM_1934.jpg'><img loading=\"lazy\" decoding=\"async\" width=\"150\" height=\"150\" src=\"https:\/\/www.muehles.de\/wp-content\/uploads\/2015\/01\/20140808_SAM_1934-150x150.jpg\" class=\"attachment-thumbnail size-thumbnail\" alt=\"\" \/><\/a>\n\t\t\t<\/dt><\/dl>\n\t\t<\/div>\n<\/div><\/center>\r\n\t\t<\/div>\n\n\t\t\r\n<\/div>\r\n","protected":false},"excerpt":{"rendered":"<strong>08.08.2014 von Neustadt an der Aisch nach W\u00fcrzburg<\/strong>\r\n\r\nHeute geht es zum letzten Abschnitt nach W\u00fcrzburg, dort warten Sabine und die M\u00e4dels.\r\n","protected":false},"author":1,"featured_media":2570,"comment_status":"closed","ping_status":"closed","sticky":false,"template":"","format":"standard","meta":{"footnotes":""},"categories":[42],"tags":[],"class_list":["post-896","post","type-post","status-publish","format-standard","has-post-thumbnail","hentry","category-br-radltour"],"_links":{"self":[{"href":"https:\/\/www.muehles.de\/index.php?rest_route=\/wp\/v2\/posts\/896","targetHints":{"allow":["GET"]}}],"collection":[{"href":"https:\/\/www.muehles.de\/index.php?rest_route=\/wp\/v2\/posts"}],"about":[{"href":"https:\/\/www.muehles.de\/index.php?rest_route=\/wp\/v2\/types\/post"}],"author":[{"embeddable":true,"href":"https:\/\/www.muehles.de\/index.php?rest_route=\/wp\/v2\/users\/1"}],"replies":[{"embeddable":true,"href":"https:\/\/www.muehles.de\/index.php?rest_route=%2Fwp%2Fv2%2Fcomments&post=896"}],"version-history":[{"count":15,"href":"https:\/\/www.muehles.de\/index.php?rest_route=\/wp\/v2\/posts\/896\/revisions"}],"predecessor-version":[{"id":898,"href":"https:\/\/www.muehles.de\/index.php?rest_route=\/wp\/v2\/posts\/896\/revisions\/898"}],"wp:featuredmedia":[{"embeddable":true,"href":"https:\/\/www.muehles.de\/index.php?rest_route=\/wp\/v2\/media\/2570"}],"wp:attachment":[{"href":"https:\/\/www.muehles.de\/index.php?rest_route=%2Fwp%2Fv2%2Fmedia&parent=896"}],"wp:term":[{"taxonomy":"category","embeddable":true,"href":"https:\/\/www.muehles.de\/index.php?rest_route=%2Fwp%2Fv2%2Fcategories&post=896"},{"taxonomy":"post_tag","embeddable":true,"href":"https:\/\/www.muehles.de\/index.php?rest_route=%2Fwp%2Fv2%2Ftags&post=896"}],"curies":[{"name":"wp","href":"https:\/\/api.w.org\/{rel}","templated":true}]}}